{"id":1295,"date":"2013-04-20T13:36:34","date_gmt":"2013-04-20T13:36:34","guid":{"rendered":"http:\/\/bakh.de\/wdp\/?p=1295"},"modified":"2013-04-21T14:29:20","modified_gmt":"2013-04-21T14:29:20","slug":"larmbelastigung-durch-die-b14","status":"publish","type":"post","link":"https:\/\/bakh.de\/wdp\/larmbelastigung-durch-die-b14\/","title":{"rendered":"L\u00e4rmbel\u00e4stigung durch die B14"},"content":{"rendered":"<p><a href=\"http:\/\/bakh.de\/wdp\/wp-content\/uploads\/2013\/04\/k-IMG_1666.jpg\"><img loading=\"lazy\" decoding=\"async\" class=\"alignleft  wp-image-1296\" style=\"margin-top: 5px; margin-bottom: 5px;\" alt=\"k-IMG_1666\" src=\"http:\/\/bakh.de\/wdp\/wp-content\/uploads\/2013\/04\/k-IMG_1666.jpg\" width=\"192\" height=\"144\" srcset=\"https:\/\/bakh.de\/wdp\/wp-content\/uploads\/2013\/04\/k-IMG_1666.jpg 800w, https:\/\/bakh.de\/wdp\/wp-content\/uploads\/2013\/04\/k-IMG_1666-300x225.jpg 300w\" sizes=\"auto, (max-width: 192px) 100vw, 192px\" \/><\/a>Bei der B\u00fcrgerumfrage zu den Problemen in Waiblingen war die L\u00e4rmbel\u00e4stigung durch den Verkehr mit insgesamt 35% eines der meist genannten Themen. Der Stadtteil Korber H\u00f6he leidet hier stark unter L\u00e4rm der B14. <!--more--><\/p>\n<p>Die Initiative der B\u00fcrgeraktion Korber H\u00f6he auf der B14 auf H\u00f6he des Stadtteils eine <a title=\"Geschwindigkeitskontrollen an der B14 geplant\" href=\"http:\/\/bakh.de\/wdp\/?p=971\">Begrenzung der Geschwindigkeit<\/a> auf 100 oder besser noch 80 km\/h einzuf\u00fchren war bisher leider nicht erfolgreich.<\/p>\n<p>Zu der <a title=\"Geschwindigkeitskontrollen an der B14 geplant\" href=\"http:\/\/bakh.de\/wdp\/?p=971\">Geschwindigkeitsmessung<\/a>, die OB Andreas Hesky der B\u00fcrgeraktion zugesagt hatte, konnte B\u00fcrgermeister Staab auf der Infoveranstaltung zum STEP leider keine Aussage machen. Hier sind wir gespannt auf die weitere Antwort der Stadt und hoffen, dass die Stadt bei ihrer Zusage bleibt.<\/p>\n<p>B\u00fcrgeraktionsmitglied Klaus Bulling wies daraufhin, dass die L\u00e4rmschutzwand entlang der B14 unvermittelt endet, obwohl sie sich auf H\u00f6he des Wohngebietes befindet. Au\u00dferdem bem\u00e4ngelte er die geringe H\u00f6he es L\u00e4rmschutzes. B\u00fcrgermeister Staab versprach dies zu pr\u00fcfen.<\/p>\n<p style=\"text-align: center;\"><a href=\"http:\/\/bakh.de\/wdp\/wp-content\/uploads\/2013\/04\/k-IMG_1641_quer.jpg\"><img loading=\"lazy\" decoding=\"async\" class=\"aligncenter  wp-image-1297\" alt=\"k-IMG_1641_quer\" src=\"http:\/\/bakh.de\/wdp\/wp-content\/uploads\/2013\/04\/k-IMG_1641_quer.jpg\" width=\"524\" height=\"117\" srcset=\"https:\/\/bakh.de\/wdp\/wp-content\/uploads\/2013\/04\/k-IMG_1641_quer.jpg 1336w, https:\/\/bakh.de\/wdp\/wp-content\/uploads\/2013\/04\/k-IMG_1641_quer-300x66.jpg 300w, https:\/\/bakh.de\/wdp\/wp-content\/uploads\/2013\/04\/k-IMG_1641_quer-1024x227.jpg 1024w\" sizes=\"auto, (max-width: 524px) 100vw, 524px\" \/><\/a><\/p>\n","protected":false},"excerpt":{"rendered":"<p>Bei der B\u00fcrgerumfrage zu den Problemen in Waiblingen war die L\u00e4rmbel\u00e4stigung durch den Verkehr mit insgesamt 35% eines der meist genannten Themen. Der Stadtteil Korber H\u00f6he leidet hier stark unter L\u00e4rm der B14.<\/p>\n","protected":false},"author":3,"featured_media":0,"comment_status":"closed","ping_status":"closed","sticky":false,"template":"","format":"standard","meta":{"ngg_post_thumbnail":0,"footnotes":""},"categories":[8,13],"tags":[],"class_list":["post-1295","post","type-post","status-publish","format-standard","hentry","category-larmbelastung-b14","category-step"],"yoast_head":"<!-- This site is optimized with the Yoast SEO plugin v27.5 - https:\/\/yoast.com\/product\/yoast-seo-wordpress\/ -->\n<title>L\u00e4rmbel\u00e4stigung durch die B14 - B\u00fcrgeraktion Korber H\u00f6he e. V.<\/title>\n<meta name=\"robots\" content=\"index, follow, max-snippet:-1, max-image-preview:large, max-video-preview:-1\" \/>\n<link rel=\"canonical\" href=\"https:\/\/bakh.de\/wdp\/larmbelastigung-durch-die-b14\/\" \/>\n<meta property=\"og:locale\" content=\"de_DE\" \/>\n<meta property=\"og:type\" content=\"article\" \/>\n<meta property=\"og:title\" content=\"L\u00e4rmbel\u00e4stigung durch die B14 - B\u00fcrgeraktion Korber H\u00f6he e. V.\" \/>\n<meta property=\"og:description\" content=\"Bei der B\u00fcrgerumfrage zu den Problemen in Waiblingen war die L\u00e4rmbel\u00e4stigung durch den Verkehr mit insgesamt 35% eines der meist genannten Themen. Der Stadtteil Korber H\u00f6he leidet hier stark unter L\u00e4rm der B14.\" \/>\n<meta property=\"og:url\" content=\"https:\/\/bakh.de\/wdp\/larmbelastigung-durch-die-b14\/\" \/>\n<meta property=\"og:site_name\" content=\"B\u00fcrgeraktion Korber H\u00f6he e. V.\" \/>\n<meta property=\"article:published_time\" content=\"2013-04-20T13:36:34+00:00\" \/>\n<meta property=\"article:modified_time\" content=\"2013-04-21T14:29:20+00:00\" \/>\n<meta property=\"og:image\" content=\"http:\/\/bakh.de\/wdp\/wp-content\/uploads\/2013\/04\/k-IMG_1666.jpg\" \/>\n<meta name=\"author\" content=\"Uli\" \/>\n<meta name=\"twitter:card\" content=\"summary_large_image\" \/>\n<meta name=\"twitter:label1\" content=\"Verfasst von\" \/>\n\t<meta name=\"twitter:data1\" content=\"Uli\" \/>\n\t<meta name=\"twitter:label2\" content=\"Gesch\u00e4tzte Lesezeit\" \/>\n\t<meta name=\"twitter:data2\" content=\"1\u00a0Minute\" \/>\n<script type=\"application\/ld+json\" class=\"yoast-schema-graph\">{\"@context\":\"https:\\\/\\\/schema.org\",\"@graph\":[{\"@type\":\"Article\",\"@id\":\"https:\\\/\\\/bakh.de\\\/wdp\\\/larmbelastigung-durch-die-b14\\\/#article\",\"isPartOf\":{\"@id\":\"https:\\\/\\\/bakh.de\\\/wdp\\\/larmbelastigung-durch-die-b14\\\/\"},\"author\":{\"name\":\"Uli\",\"@id\":\"https:\\\/\\\/bakh.de\\\/wdp\\\/#\\\/schema\\\/person\\\/75a1e296c1c53d3fbbc0a3c6104f6370\"},\"headline\":\"L\u00e4rmbel\u00e4stigung durch die B14\",\"datePublished\":\"2013-04-20T13:36:34+00:00\",\"dateModified\":\"2013-04-21T14:29:20+00:00\",\"mainEntityOfPage\":{\"@id\":\"https:\\\/\\\/bakh.de\\\/wdp\\\/larmbelastigung-durch-die-b14\\\/\"},\"wordCount\":164,\"publisher\":{\"@id\":\"https:\\\/\\\/bakh.de\\\/wdp\\\/#organization\"},\"image\":{\"@id\":\"https:\\\/\\\/bakh.de\\\/wdp\\\/larmbelastigung-durch-die-b14\\\/#primaryimage\"},\"thumbnailUrl\":\"http:\\\/\\\/bakh.de\\\/wdp\\\/wp-content\\\/uploads\\\/2013\\\/04\\\/k-IMG_1666.jpg\",\"articleSection\":[\"L\u00e4rmbelastung B14\",\"STEP\"],\"inLanguage\":\"de\"},{\"@type\":\"WebPage\",\"@id\":\"https:\\\/\\\/bakh.de\\\/wdp\\\/larmbelastigung-durch-die-b14\\\/\",\"url\":\"https:\\\/\\\/bakh.de\\\/wdp\\\/larmbelastigung-durch-die-b14\\\/\",\"name\":\"L\u00e4rmbel\u00e4stigung durch die B14 - B\u00fcrgeraktion Korber H\u00f6he e. V.\",\"isPartOf\":{\"@id\":\"https:\\\/\\\/bakh.de\\\/wdp\\\/#website\"},\"primaryImageOfPage\":{\"@id\":\"https:\\\/\\\/bakh.de\\\/wdp\\\/larmbelastigung-durch-die-b14\\\/#primaryimage\"},\"image\":{\"@id\":\"https:\\\/\\\/bakh.de\\\/wdp\\\/larmbelastigung-durch-die-b14\\\/#primaryimage\"},\"thumbnailUrl\":\"http:\\\/\\\/bakh.de\\\/wdp\\\/wp-content\\\/uploads\\\/2013\\\/04\\\/k-IMG_1666.jpg\",\"datePublished\":\"2013-04-20T13:36:34+00:00\",\"dateModified\":\"2013-04-21T14:29:20+00:00\",\"breadcrumb\":{\"@id\":\"https:\\\/\\\/bakh.de\\\/wdp\\\/larmbelastigung-durch-die-b14\\\/#breadcrumb\"},\"inLanguage\":\"de\",\"potentialAction\":[{\"@type\":\"ReadAction\",\"target\":[\"https:\\\/\\\/bakh.de\\\/wdp\\\/larmbelastigung-durch-die-b14\\\/\"]}]},{\"@type\":\"ImageObject\",\"inLanguage\":\"de\",\"@id\":\"https:\\\/\\\/bakh.de\\\/wdp\\\/larmbelastigung-durch-die-b14\\\/#primaryimage\",\"url\":\"https:\\\/\\\/bakh.de\\\/wdp\\\/wp-content\\\/uploads\\\/2013\\\/04\\\/k-IMG_1666.jpg\",\"contentUrl\":\"https:\\\/\\\/bakh.de\\\/wdp\\\/wp-content\\\/uploads\\\/2013\\\/04\\\/k-IMG_1666.jpg\",\"width\":800,\"height\":600},{\"@type\":\"BreadcrumbList\",\"@id\":\"https:\\\/\\\/bakh.de\\\/wdp\\\/larmbelastigung-durch-die-b14\\\/#breadcrumb\",\"itemListElement\":[{\"@type\":\"ListItem\",\"position\":1,\"name\":\"Startseite\",\"item\":\"https:\\\/\\\/bakh.de\\\/wdp\\\/\"},{\"@type\":\"ListItem\",\"position\":2,\"name\":\"L\u00e4rmbel\u00e4stigung durch die B14\"}]},{\"@type\":\"WebSite\",\"@id\":\"https:\\\/\\\/bakh.de\\\/wdp\\\/#website\",\"url\":\"https:\\\/\\\/bakh.de\\\/wdp\\\/\",\"name\":\"B\u00fcrgeraktion Korber H\u00f6he e. V.\",\"description\":\"\",\"publisher\":{\"@id\":\"https:\\\/\\\/bakh.de\\\/wdp\\\/#organization\"},\"potentialAction\":[{\"@type\":\"SearchAction\",\"target\":{\"@type\":\"EntryPoint\",\"urlTemplate\":\"https:\\\/\\\/bakh.de\\\/wdp\\\/?s={search_term_string}\"},\"query-input\":{\"@type\":\"PropertyValueSpecification\",\"valueRequired\":true,\"valueName\":\"search_term_string\"}}],\"inLanguage\":\"de\"},{\"@type\":\"Organization\",\"@id\":\"https:\\\/\\\/bakh.de\\\/wdp\\\/#organization\",\"name\":\"B\u00fcrgeraktion Korber H\u00f6he e. V.\",\"url\":\"https:\\\/\\\/bakh.de\\\/wdp\\\/\",\"logo\":{\"@type\":\"ImageObject\",\"inLanguage\":\"de\",\"@id\":\"https:\\\/\\\/bakh.de\\\/wdp\\\/#\\\/schema\\\/logo\\\/image\\\/\",\"url\":\"https:\\\/\\\/bakh.de\\\/wdp\\\/wp-content\\\/uploads\\\/2025\\\/11\\\/BAKH_Logo_4c_512.jpg\",\"contentUrl\":\"https:\\\/\\\/bakh.de\\\/wdp\\\/wp-content\\\/uploads\\\/2025\\\/11\\\/BAKH_Logo_4c_512.jpg\",\"width\":516,\"height\":518,\"caption\":\"B\u00fcrgeraktion Korber H\u00f6he e. V.\"},\"image\":{\"@id\":\"https:\\\/\\\/bakh.de\\\/wdp\\\/#\\\/schema\\\/logo\\\/image\\\/\"}},{\"@type\":\"Person\",\"@id\":\"https:\\\/\\\/bakh.de\\\/wdp\\\/#\\\/schema\\\/person\\\/75a1e296c1c53d3fbbc0a3c6104f6370\",\"name\":\"Uli\",\"image\":{\"@type\":\"ImageObject\",\"inLanguage\":\"de\",\"@id\":\"https:\\\/\\\/secure.gravatar.com\\\/avatar\\\/3b55f09e3908cc7190694de428627f99ad7fb1fd6ca4aa1f5a2c94110a7a2967?s=96&d=mm&r=g\",\"url\":\"https:\\\/\\\/secure.gravatar.com\\\/avatar\\\/3b55f09e3908cc7190694de428627f99ad7fb1fd6ca4aa1f5a2c94110a7a2967?s=96&d=mm&r=g\",\"contentUrl\":\"https:\\\/\\\/secure.gravatar.com\\\/avatar\\\/3b55f09e3908cc7190694de428627f99ad7fb1fd6ca4aa1f5a2c94110a7a2967?s=96&d=mm&r=g\",\"caption\":\"Uli\"},\"url\":\"https:\\\/\\\/bakh.de\\\/wdp\\\/author\\\/uli\\\/\"}]}<\/script>\n<!-- \/ Yoast SEO plugin. -->","yoast_head_json":{"title":"L\u00e4rmbel\u00e4stigung durch die B14 - B\u00fcrgeraktion Korber H\u00f6he e. V.","robots":{"index":"index","follow":"follow","max-snippet":"max-snippet:-1","max-image-preview":"max-image-preview:large","max-video-preview":"max-video-preview:-1"},"canonical":"https:\/\/bakh.de\/wdp\/larmbelastigung-durch-die-b14\/","og_locale":"de_DE","og_type":"article","og_title":"L\u00e4rmbel\u00e4stigung durch die B14 - B\u00fcrgeraktion Korber H\u00f6he e. V.","og_description":"Bei der B\u00fcrgerumfrage zu den Problemen in Waiblingen war die L\u00e4rmbel\u00e4stigung durch den Verkehr mit insgesamt 35% eines der meist genannten Themen. Der Stadtteil Korber H\u00f6he leidet hier stark unter L\u00e4rm der B14.","og_url":"https:\/\/bakh.de\/wdp\/larmbelastigung-durch-die-b14\/","og_site_name":"B\u00fcrgeraktion Korber H\u00f6he e. V.","article_published_time":"2013-04-20T13:36:34+00:00","article_modified_time":"2013-04-21T14:29:20+00:00","og_image":[{"url":"http:\/\/bakh.de\/wdp\/wp-content\/uploads\/2013\/04\/k-IMG_1666.jpg","type":"","width":"","height":""}],"author":"Uli","twitter_card":"summary_large_image","twitter_misc":{"Verfasst von":"Uli","Gesch\u00e4tzte Lesezeit":"1\u00a0Minute"},"schema":{"@context":"https:\/\/schema.org","@graph":[{"@type":"Article","@id":"https:\/\/bakh.de\/wdp\/larmbelastigung-durch-die-b14\/#article","isPartOf":{"@id":"https:\/\/bakh.de\/wdp\/larmbelastigung-durch-die-b14\/"},"author":{"name":"Uli","@id":"https:\/\/bakh.de\/wdp\/#\/schema\/person\/75a1e296c1c53d3fbbc0a3c6104f6370"},"headline":"L\u00e4rmbel\u00e4stigung durch die B14","datePublished":"2013-04-20T13:36:34+00:00","dateModified":"2013-04-21T14:29:20+00:00","mainEntityOfPage":{"@id":"https:\/\/bakh.de\/wdp\/larmbelastigung-durch-die-b14\/"},"wordCount":164,"publisher":{"@id":"https:\/\/bakh.de\/wdp\/#organization"},"image":{"@id":"https:\/\/bakh.de\/wdp\/larmbelastigung-durch-die-b14\/#primaryimage"},"thumbnailUrl":"http:\/\/bakh.de\/wdp\/wp-content\/uploads\/2013\/04\/k-IMG_1666.jpg","articleSection":["L\u00e4rmbelastung B14","STEP"],"inLanguage":"de"},{"@type":"WebPage","@id":"https:\/\/bakh.de\/wdp\/larmbelastigung-durch-die-b14\/","url":"https:\/\/bakh.de\/wdp\/larmbelastigung-durch-die-b14\/","name":"L\u00e4rmbel\u00e4stigung durch die B14 - B\u00fcrgeraktion Korber H\u00f6he e. V.","isPartOf":{"@id":"https:\/\/bakh.de\/wdp\/#website"},"primaryImageOfPage":{"@id":"https:\/\/bakh.de\/wdp\/larmbelastigung-durch-die-b14\/#primaryimage"},"image":{"@id":"https:\/\/bakh.de\/wdp\/larmbelastigung-durch-die-b14\/#primaryimage"},"thumbnailUrl":"http:\/\/bakh.de\/wdp\/wp-content\/uploads\/2013\/04\/k-IMG_1666.jpg","datePublished":"2013-04-20T13:36:34+00:00","dateModified":"2013-04-21T14:29:20+00:00","breadcrumb":{"@id":"https:\/\/bakh.de\/wdp\/larmbelastigung-durch-die-b14\/#breadcrumb"},"inLanguage":"de","potentialAction":[{"@type":"ReadAction","target":["https:\/\/bakh.de\/wdp\/larmbelastigung-durch-die-b14\/"]}]},{"@type":"ImageObject","inLanguage":"de","@id":"https:\/\/bakh.de\/wdp\/larmbelastigung-durch-die-b14\/#primaryimage","url":"https:\/\/bakh.de\/wdp\/wp-content\/uploads\/2013\/04\/k-IMG_1666.jpg","contentUrl":"https:\/\/bakh.de\/wdp\/wp-content\/uploads\/2013\/04\/k-IMG_1666.jpg","width":800,"height":600},{"@type":"BreadcrumbList","@id":"https:\/\/bakh.de\/wdp\/larmbelastigung-durch-die-b14\/#breadcrumb","itemListElement":[{"@type":"ListItem","position":1,"name":"Startseite","item":"https:\/\/bakh.de\/wdp\/"},{"@type":"ListItem","position":2,"name":"L\u00e4rmbel\u00e4stigung durch die B14"}]},{"@type":"WebSite","@id":"https:\/\/bakh.de\/wdp\/#website","url":"https:\/\/bakh.de\/wdp\/","name":"B\u00fcrgeraktion Korber H\u00f6he e. V.","description":"","publisher":{"@id":"https:\/\/bakh.de\/wdp\/#organization"},"potentialAction":[{"@type":"SearchAction","target":{"@type":"EntryPoint","urlTemplate":"https:\/\/bakh.de\/wdp\/?s={search_term_string}"},"query-input":{"@type":"PropertyValueSpecification","valueRequired":true,"valueName":"search_term_string"}}],"inLanguage":"de"},{"@type":"Organization","@id":"https:\/\/bakh.de\/wdp\/#organization","name":"B\u00fcrgeraktion Korber H\u00f6he e. V.","url":"https:\/\/bakh.de\/wdp\/","logo":{"@type":"ImageObject","inLanguage":"de","@id":"https:\/\/bakh.de\/wdp\/#\/schema\/logo\/image\/","url":"https:\/\/bakh.de\/wdp\/wp-content\/uploads\/2025\/11\/BAKH_Logo_4c_512.jpg","contentUrl":"https:\/\/bakh.de\/wdp\/wp-content\/uploads\/2025\/11\/BAKH_Logo_4c_512.jpg","width":516,"height":518,"caption":"B\u00fcrgeraktion Korber H\u00f6he e. V."},"image":{"@id":"https:\/\/bakh.de\/wdp\/#\/schema\/logo\/image\/"}},{"@type":"Person","@id":"https:\/\/bakh.de\/wdp\/#\/schema\/person\/75a1e296c1c53d3fbbc0a3c6104f6370","name":"Uli","image":{"@type":"ImageObject","inLanguage":"de","@id":"https:\/\/secure.gravatar.com\/avatar\/3b55f09e3908cc7190694de428627f99ad7fb1fd6ca4aa1f5a2c94110a7a2967?s=96&d=mm&r=g","url":"https:\/\/secure.gravatar.com\/avatar\/3b55f09e3908cc7190694de428627f99ad7fb1fd6ca4aa1f5a2c94110a7a2967?s=96&d=mm&r=g","contentUrl":"https:\/\/secure.gravatar.com\/avatar\/3b55f09e3908cc7190694de428627f99ad7fb1fd6ca4aa1f5a2c94110a7a2967?s=96&d=mm&r=g","caption":"Uli"},"url":"https:\/\/bakh.de\/wdp\/author\/uli\/"}]}},"_links":{"self":[{"href":"https:\/\/bakh.de\/wdp\/wp-json\/wp\/v2\/posts\/1295","targetHints":{"allow":["GET"]}}],"collection":[{"href":"https:\/\/bakh.de\/wdp\/wp-json\/wp\/v2\/posts"}],"about":[{"href":"https:\/\/bakh.de\/wdp\/wp-json\/wp\/v2\/types\/post"}],"author":[{"embeddable":true,"href":"https:\/\/bakh.de\/wdp\/wp-json\/wp\/v2\/users\/3"}],"replies":[{"embeddable":true,"href":"https:\/\/bakh.de\/wdp\/wp-json\/wp\/v2\/comments?post=1295"}],"version-history":[{"count":16,"href":"https:\/\/bakh.de\/wdp\/wp-json\/wp\/v2\/posts\/1295\/revisions"}],"predecessor-version":[{"id":1342,"href":"https:\/\/bakh.de\/wdp\/wp-json\/wp\/v2\/posts\/1295\/revisions\/1342"}],"wp:attachment":[{"href":"https:\/\/bakh.de\/wdp\/wp-json\/wp\/v2\/media?parent=1295"}],"wp:term":[{"taxonomy":"category","embeddable":true,"href":"https:\/\/bakh.de\/wdp\/wp-json\/wp\/v2\/categories?post=1295"},{"taxonomy":"post_tag","embeddable":true,"href":"https:\/\/bakh.de\/wdp\/wp-json\/wp\/v2\/tags?post=1295"}],"curies":[{"name":"wp","href":"https:\/\/api.w.org\/{rel}","templated":true}]}}