{"id":1281,"date":"2013-04-20T13:37:07","date_gmt":"2013-04-20T13:37:07","guid":{"rendered":"http:\/\/bakh.de\/wdp\/?p=1281"},"modified":"2013-04-21T14:28:54","modified_gmt":"2013-04-21T14:28:54","slug":"offentlicher-nahverkehr","status":"publish","type":"post","link":"https:\/\/bakh.de\/wdp\/offentlicher-nahverkehr\/","title":{"rendered":"\u00d6ffentlicher Nahverkehr"},"content":{"rendered":"<p><a href=\"http:\/\/bakh.de\/wdp\/wp-content\/uploads\/2013\/04\/k-DSC00890.jpg\"><img loading=\"lazy\" decoding=\"async\" class=\"alignleft  wp-image-1282\" style=\"margin-top: 5px; margin-bottom: 5px;\" alt=\"k-DSC00890\" src=\"http:\/\/bakh.de\/wdp\/wp-content\/uploads\/2013\/04\/k-DSC00890.jpg\" width=\"144\" height=\"192\" srcset=\"https:\/\/bakh.de\/wdp\/wp-content\/uploads\/2013\/04\/k-DSC00890.jpg 600w, https:\/\/bakh.de\/wdp\/wp-content\/uploads\/2013\/04\/k-DSC00890-225x300.jpg 225w\" sizes=\"auto, (max-width: 144px) 100vw, 144px\" \/><\/a>Die Diskussion auf der Informationsveranstaltung zum Stadtentwicklungsplan um die fehlenden Parkl\u00e4tze beim neuen Kinderhaus an der Bajastra\u00dfe hatte wieder mal gezeigt, wie wichtig ein funktionierender \u00f6ffentlicher Nahverkehr ist. Da Die Zahl der \u00f6ffentlichen Parkpl\u00e4tze auf der Korber H\u00f6he sind einfach beschr\u00e4nkt.<\/p>\n<p>Winfried Koch, Vorsitzender der B\u00fcrgeraktion, lobte die insgesamt gute Busverbindung, wies aber auf den unregelm\u00e4\u00dfigen Takt am Wochenende hin. An der gut genutzten Haltestelle Finkenberg (siehe Bild) w\u00fcrden sich die B\u00fcrger der Korber H\u00f6he ein Warteh\u00e4uschen w\u00fcnschen.<!--more--><\/p>\n<p>&nbsp;<\/p>\n<p><a href=\"http:\/\/bakh.de\/wdp\/wp-content\/uploads\/2013\/04\/krankenhaus-Winnenden1.jpg\"><img loading=\"lazy\" decoding=\"async\" class=\"alignright  wp-image-1290\" style=\"margin-top: 5px; margin-bottom: 5px;\" alt=\"krankenhaus-Winnenden\" src=\"http:\/\/bakh.de\/wdp\/wp-content\/uploads\/2013\/04\/krankenhaus-Winnenden1.jpg\" width=\"188\" height=\"125\" srcset=\"https:\/\/bakh.de\/wdp\/wp-content\/uploads\/2013\/04\/krankenhaus-Winnenden1.jpg 448w, https:\/\/bakh.de\/wdp\/wp-content\/uploads\/2013\/04\/krankenhaus-Winnenden1-300x198.jpg 300w\" sizes=\"auto, (max-width: 188px) 100vw, 188px\" \/><\/a>Winfried bem\u00e4ngelte au\u00dferdem die umst\u00e4ndliche Verbindung zum neuen <a title=\"Busanbindung Klinik \u00fcber Schwaikheim\" href=\"http:\/\/bakh.de\/wdp\/?p=424\">Krankenhaus<\/a> in Winnenden und forderte f\u00fcr Besucher und Mitarbeiter des Krankenhauses eine direkte Busverbindung. B\u00fcrgermeister Staab betonte in seiner Erwiderung die sternf\u00f6rmige Struktur des \u00f6ffentlichen Nahverkehrs, die zu der Fahrt \u00fcber die S-Bahnh\u00f6fe Waiblingen und Winnenden zwinge. Verbindungen au\u00dferhalb dieser Struktur w\u00e4ren nicht wirtschaftlich. Er nahm aber die Anregung auf, den Einsatz eines Ruftaxis zu pr\u00fcfen.<\/p>\n","protected":false},"excerpt":{"rendered":"<p>Die Diskussion auf der Informationsveranstaltung zum Stadtentwicklungsplan um die fehlenden Parkl\u00e4tze beim neuen Kinderhaus an der Bajastra\u00dfe hatte wieder mal gezeigt, wie wichtig ein funktionierender \u00f6ffentlicher Nahverkehr ist. Da Die Zahl der \u00f6ffentlichen Parkpl\u00e4tze auf der Korber H\u00f6he sind einfach beschr\u00e4nkt. Winfried Koch, Vorsitzender der B\u00fcrgeraktion, lobte die insgesamt gute Busverbindung, wies aber auf den [&hellip;]<\/p>\n","protected":false},"author":3,"featured_media":0,"comment_status":"closed","ping_status":"closed","sticky":false,"template":"","format":"standard","meta":{"ngg_post_thumbnail":0,"footnotes":""},"categories":[10,13],"tags":[],"class_list":["post-1281","post","type-post","status-publish","format-standard","hentry","category-busanbindung-klinik-winnenden","category-step"],"yoast_head":"<!-- This site is optimized with the Yoast SEO plugin v27.5 - https:\/\/yoast.com\/product\/yoast-seo-wordpress\/ -->\n<title>\u00d6ffentlicher Nahverkehr - B\u00fcrgeraktion Korber H\u00f6he e. V.<\/title>\n<meta name=\"robots\" content=\"index, follow, max-snippet:-1, max-image-preview:large, max-video-preview:-1\" \/>\n<link rel=\"canonical\" href=\"https:\/\/bakh.de\/wdp\/offentlicher-nahverkehr\/\" \/>\n<meta property=\"og:locale\" content=\"de_DE\" \/>\n<meta property=\"og:type\" content=\"article\" \/>\n<meta property=\"og:title\" content=\"\u00d6ffentlicher Nahverkehr - B\u00fcrgeraktion Korber H\u00f6he e. V.\" \/>\n<meta property=\"og:description\" content=\"Die Diskussion auf der Informationsveranstaltung zum Stadtentwicklungsplan um die fehlenden Parkl\u00e4tze beim neuen Kinderhaus an der Bajastra\u00dfe hatte wieder mal gezeigt, wie wichtig ein funktionierender \u00f6ffentlicher Nahverkehr ist. Da Die Zahl der \u00f6ffentlichen Parkpl\u00e4tze auf der Korber H\u00f6he sind einfach beschr\u00e4nkt. Winfried Koch, Vorsitzender der B\u00fcrgeraktion, lobte die insgesamt gute Busverbindung, wies aber auf den [&hellip;]\" \/>\n<meta property=\"og:url\" content=\"https:\/\/bakh.de\/wdp\/offentlicher-nahverkehr\/\" \/>\n<meta property=\"og:site_name\" content=\"B\u00fcrgeraktion Korber H\u00f6he e. V.\" \/>\n<meta property=\"article:published_time\" content=\"2013-04-20T13:37:07+00:00\" \/>\n<meta property=\"article:modified_time\" content=\"2013-04-21T14:28:54+00:00\" \/>\n<meta property=\"og:image\" content=\"http:\/\/bakh.de\/wdp\/wp-content\/uploads\/2013\/04\/k-DSC00890.jpg\" \/>\n<meta name=\"author\" content=\"Uli\" \/>\n<meta name=\"twitter:card\" content=\"summary_large_image\" \/>\n<meta name=\"twitter:label1\" content=\"Verfasst von\" \/>\n\t<meta name=\"twitter:data1\" content=\"Uli\" \/>\n\t<meta name=\"twitter:label2\" content=\"Gesch\u00e4tzte Lesezeit\" \/>\n\t<meta name=\"twitter:data2\" content=\"1\u00a0Minute\" \/>\n<script type=\"application\/ld+json\" class=\"yoast-schema-graph\">{\"@context\":\"https:\\\/\\\/schema.org\",\"@graph\":[{\"@type\":\"Article\",\"@id\":\"https:\\\/\\\/bakh.de\\\/wdp\\\/offentlicher-nahverkehr\\\/#article\",\"isPartOf\":{\"@id\":\"https:\\\/\\\/bakh.de\\\/wdp\\\/offentlicher-nahverkehr\\\/\"},\"author\":{\"name\":\"Uli\",\"@id\":\"https:\\\/\\\/bakh.de\\\/wdp\\\/#\\\/schema\\\/person\\\/75a1e296c1c53d3fbbc0a3c6104f6370\"},\"headline\":\"\u00d6ffentlicher Nahverkehr\",\"datePublished\":\"2013-04-20T13:37:07+00:00\",\"dateModified\":\"2013-04-21T14:28:54+00:00\",\"mainEntityOfPage\":{\"@id\":\"https:\\\/\\\/bakh.de\\\/wdp\\\/offentlicher-nahverkehr\\\/\"},\"wordCount\":167,\"publisher\":{\"@id\":\"https:\\\/\\\/bakh.de\\\/wdp\\\/#organization\"},\"image\":{\"@id\":\"https:\\\/\\\/bakh.de\\\/wdp\\\/offentlicher-nahverkehr\\\/#primaryimage\"},\"thumbnailUrl\":\"http:\\\/\\\/bakh.de\\\/wdp\\\/wp-content\\\/uploads\\\/2013\\\/04\\\/k-DSC00890.jpg\",\"articleSection\":[\"\u00d6PNV Klinik\",\"STEP\"],\"inLanguage\":\"de\"},{\"@type\":\"WebPage\",\"@id\":\"https:\\\/\\\/bakh.de\\\/wdp\\\/offentlicher-nahverkehr\\\/\",\"url\":\"https:\\\/\\\/bakh.de\\\/wdp\\\/offentlicher-nahverkehr\\\/\",\"name\":\"\u00d6ffentlicher Nahverkehr - B\u00fcrgeraktion Korber H\u00f6he e. V.\",\"isPartOf\":{\"@id\":\"https:\\\/\\\/bakh.de\\\/wdp\\\/#website\"},\"primaryImageOfPage\":{\"@id\":\"https:\\\/\\\/bakh.de\\\/wdp\\\/offentlicher-nahverkehr\\\/#primaryimage\"},\"image\":{\"@id\":\"https:\\\/\\\/bakh.de\\\/wdp\\\/offentlicher-nahverkehr\\\/#primaryimage\"},\"thumbnailUrl\":\"http:\\\/\\\/bakh.de\\\/wdp\\\/wp-content\\\/uploads\\\/2013\\\/04\\\/k-DSC00890.jpg\",\"datePublished\":\"2013-04-20T13:37:07+00:00\",\"dateModified\":\"2013-04-21T14:28:54+00:00\",\"breadcrumb\":{\"@id\":\"https:\\\/\\\/bakh.de\\\/wdp\\\/offentlicher-nahverkehr\\\/#breadcrumb\"},\"inLanguage\":\"de\",\"potentialAction\":[{\"@type\":\"ReadAction\",\"target\":[\"https:\\\/\\\/bakh.de\\\/wdp\\\/offentlicher-nahverkehr\\\/\"]}]},{\"@type\":\"ImageObject\",\"inLanguage\":\"de\",\"@id\":\"https:\\\/\\\/bakh.de\\\/wdp\\\/offentlicher-nahverkehr\\\/#primaryimage\",\"url\":\"https:\\\/\\\/bakh.de\\\/wdp\\\/wp-content\\\/uploads\\\/2013\\\/04\\\/k-DSC00890.jpg\",\"contentUrl\":\"https:\\\/\\\/bakh.de\\\/wdp\\\/wp-content\\\/uploads\\\/2013\\\/04\\\/k-DSC00890.jpg\",\"width\":600,\"height\":800},{\"@type\":\"BreadcrumbList\",\"@id\":\"https:\\\/\\\/bakh.de\\\/wdp\\\/offentlicher-nahverkehr\\\/#breadcrumb\",\"itemListElement\":[{\"@type\":\"ListItem\",\"position\":1,\"name\":\"Startseite\",\"item\":\"https:\\\/\\\/bakh.de\\\/wdp\\\/\"},{\"@type\":\"ListItem\",\"position\":2,\"name\":\"\u00d6ffentlicher Nahverkehr\"}]},{\"@type\":\"WebSite\",\"@id\":\"https:\\\/\\\/bakh.de\\\/wdp\\\/#website\",\"url\":\"https:\\\/\\\/bakh.de\\\/wdp\\\/\",\"name\":\"B\u00fcrgeraktion Korber H\u00f6he e. V.\",\"description\":\"\",\"publisher\":{\"@id\":\"https:\\\/\\\/bakh.de\\\/wdp\\\/#organization\"},\"potentialAction\":[{\"@type\":\"SearchAction\",\"target\":{\"@type\":\"EntryPoint\",\"urlTemplate\":\"https:\\\/\\\/bakh.de\\\/wdp\\\/?s={search_term_string}\"},\"query-input\":{\"@type\":\"PropertyValueSpecification\",\"valueRequired\":true,\"valueName\":\"search_term_string\"}}],\"inLanguage\":\"de\"},{\"@type\":\"Organization\",\"@id\":\"https:\\\/\\\/bakh.de\\\/wdp\\\/#organization\",\"name\":\"B\u00fcrgeraktion Korber H\u00f6he e. V.\",\"url\":\"https:\\\/\\\/bakh.de\\\/wdp\\\/\",\"logo\":{\"@type\":\"ImageObject\",\"inLanguage\":\"de\",\"@id\":\"https:\\\/\\\/bakh.de\\\/wdp\\\/#\\\/schema\\\/logo\\\/image\\\/\",\"url\":\"https:\\\/\\\/bakh.de\\\/wdp\\\/wp-content\\\/uploads\\\/2025\\\/11\\\/BAKH_Logo_4c_512.jpg\",\"contentUrl\":\"https:\\\/\\\/bakh.de\\\/wdp\\\/wp-content\\\/uploads\\\/2025\\\/11\\\/BAKH_Logo_4c_512.jpg\",\"width\":516,\"height\":518,\"caption\":\"B\u00fcrgeraktion Korber H\u00f6he e. V.\"},\"image\":{\"@id\":\"https:\\\/\\\/bakh.de\\\/wdp\\\/#\\\/schema\\\/logo\\\/image\\\/\"}},{\"@type\":\"Person\",\"@id\":\"https:\\\/\\\/bakh.de\\\/wdp\\\/#\\\/schema\\\/person\\\/75a1e296c1c53d3fbbc0a3c6104f6370\",\"name\":\"Uli\",\"image\":{\"@type\":\"ImageObject\",\"inLanguage\":\"de\",\"@id\":\"https:\\\/\\\/secure.gravatar.com\\\/avatar\\\/3b55f09e3908cc7190694de428627f99ad7fb1fd6ca4aa1f5a2c94110a7a2967?s=96&d=mm&r=g\",\"url\":\"https:\\\/\\\/secure.gravatar.com\\\/avatar\\\/3b55f09e3908cc7190694de428627f99ad7fb1fd6ca4aa1f5a2c94110a7a2967?s=96&d=mm&r=g\",\"contentUrl\":\"https:\\\/\\\/secure.gravatar.com\\\/avatar\\\/3b55f09e3908cc7190694de428627f99ad7fb1fd6ca4aa1f5a2c94110a7a2967?s=96&d=mm&r=g\",\"caption\":\"Uli\"},\"url\":\"https:\\\/\\\/bakh.de\\\/wdp\\\/author\\\/uli\\\/\"}]}<\/script>\n<!-- \/ Yoast SEO plugin. -->","yoast_head_json":{"title":"\u00d6ffentlicher Nahverkehr - B\u00fcrgeraktion Korber H\u00f6he e. V.","robots":{"index":"index","follow":"follow","max-snippet":"max-snippet:-1","max-image-preview":"max-image-preview:large","max-video-preview":"max-video-preview:-1"},"canonical":"https:\/\/bakh.de\/wdp\/offentlicher-nahverkehr\/","og_locale":"de_DE","og_type":"article","og_title":"\u00d6ffentlicher Nahverkehr - B\u00fcrgeraktion Korber H\u00f6he e. V.","og_description":"Die Diskussion auf der Informationsveranstaltung zum Stadtentwicklungsplan um die fehlenden Parkl\u00e4tze beim neuen Kinderhaus an der Bajastra\u00dfe hatte wieder mal gezeigt, wie wichtig ein funktionierender \u00f6ffentlicher Nahverkehr ist. Da Die Zahl der \u00f6ffentlichen Parkpl\u00e4tze auf der Korber H\u00f6he sind einfach beschr\u00e4nkt. Winfried Koch, Vorsitzender der B\u00fcrgeraktion, lobte die insgesamt gute Busverbindung, wies aber auf den [&hellip;]","og_url":"https:\/\/bakh.de\/wdp\/offentlicher-nahverkehr\/","og_site_name":"B\u00fcrgeraktion Korber H\u00f6he e. V.","article_published_time":"2013-04-20T13:37:07+00:00","article_modified_time":"2013-04-21T14:28:54+00:00","og_image":[{"url":"http:\/\/bakh.de\/wdp\/wp-content\/uploads\/2013\/04\/k-DSC00890.jpg","type":"","width":"","height":""}],"author":"Uli","twitter_card":"summary_large_image","twitter_misc":{"Verfasst von":"Uli","Gesch\u00e4tzte Lesezeit":"1\u00a0Minute"},"schema":{"@context":"https:\/\/schema.org","@graph":[{"@type":"Article","@id":"https:\/\/bakh.de\/wdp\/offentlicher-nahverkehr\/#article","isPartOf":{"@id":"https:\/\/bakh.de\/wdp\/offentlicher-nahverkehr\/"},"author":{"name":"Uli","@id":"https:\/\/bakh.de\/wdp\/#\/schema\/person\/75a1e296c1c53d3fbbc0a3c6104f6370"},"headline":"\u00d6ffentlicher Nahverkehr","datePublished":"2013-04-20T13:37:07+00:00","dateModified":"2013-04-21T14:28:54+00:00","mainEntityOfPage":{"@id":"https:\/\/bakh.de\/wdp\/offentlicher-nahverkehr\/"},"wordCount":167,"publisher":{"@id":"https:\/\/bakh.de\/wdp\/#organization"},"image":{"@id":"https:\/\/bakh.de\/wdp\/offentlicher-nahverkehr\/#primaryimage"},"thumbnailUrl":"http:\/\/bakh.de\/wdp\/wp-content\/uploads\/2013\/04\/k-DSC00890.jpg","articleSection":["\u00d6PNV Klinik","STEP"],"inLanguage":"de"},{"@type":"WebPage","@id":"https:\/\/bakh.de\/wdp\/offentlicher-nahverkehr\/","url":"https:\/\/bakh.de\/wdp\/offentlicher-nahverkehr\/","name":"\u00d6ffentlicher Nahverkehr - B\u00fcrgeraktion Korber H\u00f6he e. V.","isPartOf":{"@id":"https:\/\/bakh.de\/wdp\/#website"},"primaryImageOfPage":{"@id":"https:\/\/bakh.de\/wdp\/offentlicher-nahverkehr\/#primaryimage"},"image":{"@id":"https:\/\/bakh.de\/wdp\/offentlicher-nahverkehr\/#primaryimage"},"thumbnailUrl":"http:\/\/bakh.de\/wdp\/wp-content\/uploads\/2013\/04\/k-DSC00890.jpg","datePublished":"2013-04-20T13:37:07+00:00","dateModified":"2013-04-21T14:28:54+00:00","breadcrumb":{"@id":"https:\/\/bakh.de\/wdp\/offentlicher-nahverkehr\/#breadcrumb"},"inLanguage":"de","potentialAction":[{"@type":"ReadAction","target":["https:\/\/bakh.de\/wdp\/offentlicher-nahverkehr\/"]}]},{"@type":"ImageObject","inLanguage":"de","@id":"https:\/\/bakh.de\/wdp\/offentlicher-nahverkehr\/#primaryimage","url":"https:\/\/bakh.de\/wdp\/wp-content\/uploads\/2013\/04\/k-DSC00890.jpg","contentUrl":"https:\/\/bakh.de\/wdp\/wp-content\/uploads\/2013\/04\/k-DSC00890.jpg","width":600,"height":800},{"@type":"BreadcrumbList","@id":"https:\/\/bakh.de\/wdp\/offentlicher-nahverkehr\/#breadcrumb","itemListElement":[{"@type":"ListItem","position":1,"name":"Startseite","item":"https:\/\/bakh.de\/wdp\/"},{"@type":"ListItem","position":2,"name":"\u00d6ffentlicher Nahverkehr"}]},{"@type":"WebSite","@id":"https:\/\/bakh.de\/wdp\/#website","url":"https:\/\/bakh.de\/wdp\/","name":"B\u00fcrgeraktion Korber H\u00f6he e. V.","description":"","publisher":{"@id":"https:\/\/bakh.de\/wdp\/#organization"},"potentialAction":[{"@type":"SearchAction","target":{"@type":"EntryPoint","urlTemplate":"https:\/\/bakh.de\/wdp\/?s={search_term_string}"},"query-input":{"@type":"PropertyValueSpecification","valueRequired":true,"valueName":"search_term_string"}}],"inLanguage":"de"},{"@type":"Organization","@id":"https:\/\/bakh.de\/wdp\/#organization","name":"B\u00fcrgeraktion Korber H\u00f6he e. V.","url":"https:\/\/bakh.de\/wdp\/","logo":{"@type":"ImageObject","inLanguage":"de","@id":"https:\/\/bakh.de\/wdp\/#\/schema\/logo\/image\/","url":"https:\/\/bakh.de\/wdp\/wp-content\/uploads\/2025\/11\/BAKH_Logo_4c_512.jpg","contentUrl":"https:\/\/bakh.de\/wdp\/wp-content\/uploads\/2025\/11\/BAKH_Logo_4c_512.jpg","width":516,"height":518,"caption":"B\u00fcrgeraktion Korber H\u00f6he e. V."},"image":{"@id":"https:\/\/bakh.de\/wdp\/#\/schema\/logo\/image\/"}},{"@type":"Person","@id":"https:\/\/bakh.de\/wdp\/#\/schema\/person\/75a1e296c1c53d3fbbc0a3c6104f6370","name":"Uli","image":{"@type":"ImageObject","inLanguage":"de","@id":"https:\/\/secure.gravatar.com\/avatar\/3b55f09e3908cc7190694de428627f99ad7fb1fd6ca4aa1f5a2c94110a7a2967?s=96&d=mm&r=g","url":"https:\/\/secure.gravatar.com\/avatar\/3b55f09e3908cc7190694de428627f99ad7fb1fd6ca4aa1f5a2c94110a7a2967?s=96&d=mm&r=g","contentUrl":"https:\/\/secure.gravatar.com\/avatar\/3b55f09e3908cc7190694de428627f99ad7fb1fd6ca4aa1f5a2c94110a7a2967?s=96&d=mm&r=g","caption":"Uli"},"url":"https:\/\/bakh.de\/wdp\/author\/uli\/"}]}},"_links":{"self":[{"href":"https:\/\/bakh.de\/wdp\/wp-json\/wp\/v2\/posts\/1281","targetHints":{"allow":["GET"]}}],"collection":[{"href":"https:\/\/bakh.de\/wdp\/wp-json\/wp\/v2\/posts"}],"about":[{"href":"https:\/\/bakh.de\/wdp\/wp-json\/wp\/v2\/types\/post"}],"author":[{"embeddable":true,"href":"https:\/\/bakh.de\/wdp\/wp-json\/wp\/v2\/users\/3"}],"replies":[{"embeddable":true,"href":"https:\/\/bakh.de\/wdp\/wp-json\/wp\/v2\/comments?post=1281"}],"version-history":[{"count":14,"href":"https:\/\/bakh.de\/wdp\/wp-json\/wp\/v2\/posts\/1281\/revisions"}],"predecessor-version":[{"id":1341,"href":"https:\/\/bakh.de\/wdp\/wp-json\/wp\/v2\/posts\/1281\/revisions\/1341"}],"wp:attachment":[{"href":"https:\/\/bakh.de\/wdp\/wp-json\/wp\/v2\/media?parent=1281"}],"wp:term":[{"taxonomy":"category","embeddable":true,"href":"https:\/\/bakh.de\/wdp\/wp-json\/wp\/v2\/categories?post=1281"},{"taxonomy":"post_tag","embeddable":true,"href":"https:\/\/bakh.de\/wdp\/wp-json\/wp\/v2\/tags?post=1281"}],"curies":[{"name":"wp","href":"https:\/\/api.w.org\/{rel}","templated":true}]}}