{"id":1265,"date":"2013-04-20T13:37:36","date_gmt":"2013-04-20T13:37:36","guid":{"rendered":"http:\/\/bakh.de\/wdp\/?p=1265"},"modified":"2013-04-21T14:28:28","modified_gmt":"2013-04-21T14:28:28","slug":"finkenberg-jugendfarm-und-freizeitgelande","status":"publish","type":"post","link":"https:\/\/bakh.de\/wdp\/finkenberg-jugendfarm-und-freizeitgelande\/","title":{"rendered":"Finkenberg: Jugendfarm und Freizeitgel\u00e4nde"},"content":{"rendered":"<p><img loading=\"lazy\" decoding=\"async\" class=\"ngg-singlepic ngg-left alignleft\" style=\"margin-top: 5px; margin-bottom: 5px;\" alt=\"2011-07-finkbg-hock-011\" src=\"http:\/\/bakh.de\/wdp\/wp-content\/gallery\/finkenberg_2011\/2011-07-finkbg-hock-011.jpg\" width=\"192\" height=\"128\" \/>Auf dem Finkenberg, wird wie Herr Staab bei der Informationsveranstaltung zum STEP berichtete, eine <a title=\"Jugendfarm soll auf den Finkenberg\" href=\"http:\/\/bakh.de\/wdp\/?p=878\" target=\"_blank\">Jugendfarm<\/a> entstehen. Das Umwidmungsverfahren beim Landratsamt l\u00e4uft allerdings immer noch. Herr Staab hofft, dass die Umwidmung der Erddeponie in eine Gr\u00fcnfl\u00e4che dieses Jahr erfolgt.<!--more--><\/p>\n<p>Als Bewohner der Korber H\u00f6he II, mahnte Karl Hussinger an, diese Fl\u00e4che, die bereits bei der Bebauung der Korber H\u00f6he II in den 90er Jahren als Teil eines \u201egr\u00fcnen U\u201cs vorgesehen war, endlich f\u00fcr die Bewohner der Korber H\u00f6he als Freizeitfl\u00e4che zug\u00e4nglich zu machen. Zu der genauen Planung konnte sich Herr Staab nicht \u00e4u\u00dfern, es w\u00e4ren aber etwa 1\/3 der Fl\u00e4che f\u00fcr die Jugendfarm und 2\/3 f\u00fcr die allgemeine Nutzung vorgesehen.<br \/>\nIn der Diskussion wurde ein sicherer Zugang zum Finkenberggel\u00e4nde angemahnt. Wenn die Jugendfarm kommt, muss hier unbedingt eine sichere L\u00f6sung gefunden werden. Am besten w\u00e4re es nat\u00fcrlich, wenn der urspr\u00fcnglich im Bebauungsplan vorgeseheneFu\u00dfg\u00e4ngersteg vom gr\u00fcnen Anger \u00fcber die Korber Stra\u00dfe gebaut werden w\u00fcrde. Daf\u00fcr w\u00e4re aber, laut Herrn Staab, \u00a0kein Geld da.<\/p>\n<p><a title=\"Jugendfarm Verein\" href=\"http:\/\/www.jugendfarm-waiblingen.de\/\"><img loading=\"lazy\" decoding=\"async\" class=\"alignright\" style=\"margin-top: 5px; margin-bottom: 5px; border: 0px none;\" alt=\"\" src=\"http:\/\/waiblingen.de\/sixcms\/media.php\/101\/jugendfarm_waiblingen_ev_160.jpg\" width=\"102\" height=\"103\" border=\"0\" \/><\/a>B\u00fcrgeraktionsvorstand Winfried Koch wies darauf hin, dass die Initiative jetzt beim Verein Jugendfarm liegt. Die B\u00fcrgeraktion Korber H\u00f6he e.V. ist gern bereit eine gemeinsame Veranstaltung auf dem Finkenberg durchzuf\u00fchren, wenn die Umwidmung erfolgt ist und konkrete Pl\u00e4ne vorliegen.<\/p>\n","protected":false},"excerpt":{"rendered":"<p>Auf dem Finkenberg, wird wie Herr Staab bei der Informationsveranstaltung zum STEP berichtete, eine Jugendfarm entstehen. Das Umwidmungsverfahren beim Landratsamt l\u00e4uft allerdings immer noch. Herr Staab hofft, dass die Umwidmung der Erddeponie in eine Gr\u00fcnfl\u00e4che dieses Jahr erfolgt.<\/p>\n","protected":false},"author":3,"featured_media":0,"comment_status":"closed","ping_status":"closed","sticky":false,"template":"","format":"standard","meta":{"ngg_post_thumbnail":0,"footnotes":""},"categories":[11,13],"tags":[],"class_list":["post-1265","post","type-post","status-publish","format-standard","hentry","category-finkenberg","category-step"],"yoast_head":"<!-- This site is optimized with the Yoast SEO plugin v27.5 - https:\/\/yoast.com\/product\/yoast-seo-wordpress\/ -->\n<title>Finkenberg: Jugendfarm und Freizeitgel\u00e4nde - B\u00fcrgeraktion Korber H\u00f6he e. V.<\/title>\n<meta name=\"robots\" content=\"index, follow, max-snippet:-1, max-image-preview:large, max-video-preview:-1\" \/>\n<link rel=\"canonical\" href=\"https:\/\/bakh.de\/wdp\/finkenberg-jugendfarm-und-freizeitgelande\/\" \/>\n<meta property=\"og:locale\" content=\"de_DE\" \/>\n<meta property=\"og:type\" content=\"article\" \/>\n<meta property=\"og:title\" content=\"Finkenberg: Jugendfarm und Freizeitgel\u00e4nde - B\u00fcrgeraktion Korber H\u00f6he e. V.\" \/>\n<meta property=\"og:description\" content=\"Auf dem Finkenberg, wird wie Herr Staab bei der Informationsveranstaltung zum STEP berichtete, eine Jugendfarm entstehen. Das Umwidmungsverfahren beim Landratsamt l\u00e4uft allerdings immer noch. Herr Staab hofft, dass die Umwidmung der Erddeponie in eine Gr\u00fcnfl\u00e4che dieses Jahr erfolgt.\" \/>\n<meta property=\"og:url\" content=\"https:\/\/bakh.de\/wdp\/finkenberg-jugendfarm-und-freizeitgelande\/\" \/>\n<meta property=\"og:site_name\" content=\"B\u00fcrgeraktion Korber H\u00f6he e. V.\" \/>\n<meta property=\"article:published_time\" content=\"2013-04-20T13:37:36+00:00\" \/>\n<meta property=\"article:modified_time\" content=\"2013-04-21T14:28:28+00:00\" \/>\n<meta property=\"og:image\" content=\"http:\/\/bakh.de\/wdp\/wp-content\/gallery\/finkenberg_2011\/2011-07-finkbg-hock-011.jpg\" \/>\n<meta name=\"author\" content=\"Uli\" \/>\n<meta name=\"twitter:card\" content=\"summary_large_image\" \/>\n<meta name=\"twitter:label1\" content=\"Verfasst von\" \/>\n\t<meta name=\"twitter:data1\" content=\"Uli\" \/>\n\t<meta name=\"twitter:label2\" content=\"Gesch\u00e4tzte Lesezeit\" \/>\n\t<meta name=\"twitter:data2\" content=\"1\u00a0Minute\" \/>\n<script type=\"application\/ld+json\" class=\"yoast-schema-graph\">{\"@context\":\"https:\\\/\\\/schema.org\",\"@graph\":[{\"@type\":\"Article\",\"@id\":\"https:\\\/\\\/bakh.de\\\/wdp\\\/finkenberg-jugendfarm-und-freizeitgelande\\\/#article\",\"isPartOf\":{\"@id\":\"https:\\\/\\\/bakh.de\\\/wdp\\\/finkenberg-jugendfarm-und-freizeitgelande\\\/\"},\"author\":{\"name\":\"Uli\",\"@id\":\"https:\\\/\\\/bakh.de\\\/wdp\\\/#\\\/schema\\\/person\\\/75a1e296c1c53d3fbbc0a3c6104f6370\"},\"headline\":\"Finkenberg: Jugendfarm und Freizeitgel\u00e4nde\",\"datePublished\":\"2013-04-20T13:37:36+00:00\",\"dateModified\":\"2013-04-21T14:28:28+00:00\",\"mainEntityOfPage\":{\"@id\":\"https:\\\/\\\/bakh.de\\\/wdp\\\/finkenberg-jugendfarm-und-freizeitgelande\\\/\"},\"wordCount\":237,\"publisher\":{\"@id\":\"https:\\\/\\\/bakh.de\\\/wdp\\\/#organization\"},\"image\":{\"@id\":\"https:\\\/\\\/bakh.de\\\/wdp\\\/finkenberg-jugendfarm-und-freizeitgelande\\\/#primaryimage\"},\"thumbnailUrl\":\"http:\\\/\\\/bakh.de\\\/wdp\\\/wp-content\\\/gallery\\\/finkenberg_2011\\\/2011-07-finkbg-hock-011.jpg\",\"articleSection\":[\"Finkenberg\",\"STEP\"],\"inLanguage\":\"de\"},{\"@type\":\"WebPage\",\"@id\":\"https:\\\/\\\/bakh.de\\\/wdp\\\/finkenberg-jugendfarm-und-freizeitgelande\\\/\",\"url\":\"https:\\\/\\\/bakh.de\\\/wdp\\\/finkenberg-jugendfarm-und-freizeitgelande\\\/\",\"name\":\"Finkenberg: Jugendfarm und Freizeitgel\u00e4nde - B\u00fcrgeraktion Korber H\u00f6he e. V.\",\"isPartOf\":{\"@id\":\"https:\\\/\\\/bakh.de\\\/wdp\\\/#website\"},\"primaryImageOfPage\":{\"@id\":\"https:\\\/\\\/bakh.de\\\/wdp\\\/finkenberg-jugendfarm-und-freizeitgelande\\\/#primaryimage\"},\"image\":{\"@id\":\"https:\\\/\\\/bakh.de\\\/wdp\\\/finkenberg-jugendfarm-und-freizeitgelande\\\/#primaryimage\"},\"thumbnailUrl\":\"http:\\\/\\\/bakh.de\\\/wdp\\\/wp-content\\\/gallery\\\/finkenberg_2011\\\/2011-07-finkbg-hock-011.jpg\",\"datePublished\":\"2013-04-20T13:37:36+00:00\",\"dateModified\":\"2013-04-21T14:28:28+00:00\",\"breadcrumb\":{\"@id\":\"https:\\\/\\\/bakh.de\\\/wdp\\\/finkenberg-jugendfarm-und-freizeitgelande\\\/#breadcrumb\"},\"inLanguage\":\"de\",\"potentialAction\":[{\"@type\":\"ReadAction\",\"target\":[\"https:\\\/\\\/bakh.de\\\/wdp\\\/finkenberg-jugendfarm-und-freizeitgelande\\\/\"]}]},{\"@type\":\"ImageObject\",\"inLanguage\":\"de\",\"@id\":\"https:\\\/\\\/bakh.de\\\/wdp\\\/finkenberg-jugendfarm-und-freizeitgelande\\\/#primaryimage\",\"url\":\"http:\\\/\\\/bakh.de\\\/wdp\\\/wp-content\\\/gallery\\\/finkenberg_2011\\\/2011-07-finkbg-hock-011.jpg\",\"contentUrl\":\"http:\\\/\\\/bakh.de\\\/wdp\\\/wp-content\\\/gallery\\\/finkenberg_2011\\\/2011-07-finkbg-hock-011.jpg\"},{\"@type\":\"BreadcrumbList\",\"@id\":\"https:\\\/\\\/bakh.de\\\/wdp\\\/finkenberg-jugendfarm-und-freizeitgelande\\\/#breadcrumb\",\"itemListElement\":[{\"@type\":\"ListItem\",\"position\":1,\"name\":\"Startseite\",\"item\":\"https:\\\/\\\/bakh.de\\\/wdp\\\/\"},{\"@type\":\"ListItem\",\"position\":2,\"name\":\"Finkenberg: Jugendfarm und Freizeitgel\u00e4nde\"}]},{\"@type\":\"WebSite\",\"@id\":\"https:\\\/\\\/bakh.de\\\/wdp\\\/#website\",\"url\":\"https:\\\/\\\/bakh.de\\\/wdp\\\/\",\"name\":\"B\u00fcrgeraktion Korber H\u00f6he e. V.\",\"description\":\"\",\"publisher\":{\"@id\":\"https:\\\/\\\/bakh.de\\\/wdp\\\/#organization\"},\"potentialAction\":[{\"@type\":\"SearchAction\",\"target\":{\"@type\":\"EntryPoint\",\"urlTemplate\":\"https:\\\/\\\/bakh.de\\\/wdp\\\/?s={search_term_string}\"},\"query-input\":{\"@type\":\"PropertyValueSpecification\",\"valueRequired\":true,\"valueName\":\"search_term_string\"}}],\"inLanguage\":\"de\"},{\"@type\":\"Organization\",\"@id\":\"https:\\\/\\\/bakh.de\\\/wdp\\\/#organization\",\"name\":\"B\u00fcrgeraktion Korber H\u00f6he e. V.\",\"url\":\"https:\\\/\\\/bakh.de\\\/wdp\\\/\",\"logo\":{\"@type\":\"ImageObject\",\"inLanguage\":\"de\",\"@id\":\"https:\\\/\\\/bakh.de\\\/wdp\\\/#\\\/schema\\\/logo\\\/image\\\/\",\"url\":\"https:\\\/\\\/bakh.de\\\/wdp\\\/wp-content\\\/uploads\\\/2025\\\/11\\\/BAKH_Logo_4c_512.jpg\",\"contentUrl\":\"https:\\\/\\\/bakh.de\\\/wdp\\\/wp-content\\\/uploads\\\/2025\\\/11\\\/BAKH_Logo_4c_512.jpg\",\"width\":516,\"height\":518,\"caption\":\"B\u00fcrgeraktion Korber H\u00f6he e. V.\"},\"image\":{\"@id\":\"https:\\\/\\\/bakh.de\\\/wdp\\\/#\\\/schema\\\/logo\\\/image\\\/\"}},{\"@type\":\"Person\",\"@id\":\"https:\\\/\\\/bakh.de\\\/wdp\\\/#\\\/schema\\\/person\\\/75a1e296c1c53d3fbbc0a3c6104f6370\",\"name\":\"Uli\",\"image\":{\"@type\":\"ImageObject\",\"inLanguage\":\"de\",\"@id\":\"https:\\\/\\\/secure.gravatar.com\\\/avatar\\\/3b55f09e3908cc7190694de428627f99ad7fb1fd6ca4aa1f5a2c94110a7a2967?s=96&d=mm&r=g\",\"url\":\"https:\\\/\\\/secure.gravatar.com\\\/avatar\\\/3b55f09e3908cc7190694de428627f99ad7fb1fd6ca4aa1f5a2c94110a7a2967?s=96&d=mm&r=g\",\"contentUrl\":\"https:\\\/\\\/secure.gravatar.com\\\/avatar\\\/3b55f09e3908cc7190694de428627f99ad7fb1fd6ca4aa1f5a2c94110a7a2967?s=96&d=mm&r=g\",\"caption\":\"Uli\"},\"url\":\"https:\\\/\\\/bakh.de\\\/wdp\\\/author\\\/uli\\\/\"}]}<\/script>\n<!-- \/ Yoast SEO plugin. -->","yoast_head_json":{"title":"Finkenberg: Jugendfarm und Freizeitgel\u00e4nde - B\u00fcrgeraktion Korber H\u00f6he e. V.","robots":{"index":"index","follow":"follow","max-snippet":"max-snippet:-1","max-image-preview":"max-image-preview:large","max-video-preview":"max-video-preview:-1"},"canonical":"https:\/\/bakh.de\/wdp\/finkenberg-jugendfarm-und-freizeitgelande\/","og_locale":"de_DE","og_type":"article","og_title":"Finkenberg: Jugendfarm und Freizeitgel\u00e4nde - B\u00fcrgeraktion Korber H\u00f6he e. V.","og_description":"Auf dem Finkenberg, wird wie Herr Staab bei der Informationsveranstaltung zum STEP berichtete, eine Jugendfarm entstehen. Das Umwidmungsverfahren beim Landratsamt l\u00e4uft allerdings immer noch. Herr Staab hofft, dass die Umwidmung der Erddeponie in eine Gr\u00fcnfl\u00e4che dieses Jahr erfolgt.","og_url":"https:\/\/bakh.de\/wdp\/finkenberg-jugendfarm-und-freizeitgelande\/","og_site_name":"B\u00fcrgeraktion Korber H\u00f6he e. V.","article_published_time":"2013-04-20T13:37:36+00:00","article_modified_time":"2013-04-21T14:28:28+00:00","og_image":[{"url":"http:\/\/bakh.de\/wdp\/wp-content\/gallery\/finkenberg_2011\/2011-07-finkbg-hock-011.jpg","type":"","width":"","height":""}],"author":"Uli","twitter_card":"summary_large_image","twitter_misc":{"Verfasst von":"Uli","Gesch\u00e4tzte Lesezeit":"1\u00a0Minute"},"schema":{"@context":"https:\/\/schema.org","@graph":[{"@type":"Article","@id":"https:\/\/bakh.de\/wdp\/finkenberg-jugendfarm-und-freizeitgelande\/#article","isPartOf":{"@id":"https:\/\/bakh.de\/wdp\/finkenberg-jugendfarm-und-freizeitgelande\/"},"author":{"name":"Uli","@id":"https:\/\/bakh.de\/wdp\/#\/schema\/person\/75a1e296c1c53d3fbbc0a3c6104f6370"},"headline":"Finkenberg: Jugendfarm und Freizeitgel\u00e4nde","datePublished":"2013-04-20T13:37:36+00:00","dateModified":"2013-04-21T14:28:28+00:00","mainEntityOfPage":{"@id":"https:\/\/bakh.de\/wdp\/finkenberg-jugendfarm-und-freizeitgelande\/"},"wordCount":237,"publisher":{"@id":"https:\/\/bakh.de\/wdp\/#organization"},"image":{"@id":"https:\/\/bakh.de\/wdp\/finkenberg-jugendfarm-und-freizeitgelande\/#primaryimage"},"thumbnailUrl":"http:\/\/bakh.de\/wdp\/wp-content\/gallery\/finkenberg_2011\/2011-07-finkbg-hock-011.jpg","articleSection":["Finkenberg","STEP"],"inLanguage":"de"},{"@type":"WebPage","@id":"https:\/\/bakh.de\/wdp\/finkenberg-jugendfarm-und-freizeitgelande\/","url":"https:\/\/bakh.de\/wdp\/finkenberg-jugendfarm-und-freizeitgelande\/","name":"Finkenberg: Jugendfarm und Freizeitgel\u00e4nde - B\u00fcrgeraktion Korber H\u00f6he e. V.","isPartOf":{"@id":"https:\/\/bakh.de\/wdp\/#website"},"primaryImageOfPage":{"@id":"https:\/\/bakh.de\/wdp\/finkenberg-jugendfarm-und-freizeitgelande\/#primaryimage"},"image":{"@id":"https:\/\/bakh.de\/wdp\/finkenberg-jugendfarm-und-freizeitgelande\/#primaryimage"},"thumbnailUrl":"http:\/\/bakh.de\/wdp\/wp-content\/gallery\/finkenberg_2011\/2011-07-finkbg-hock-011.jpg","datePublished":"2013-04-20T13:37:36+00:00","dateModified":"2013-04-21T14:28:28+00:00","breadcrumb":{"@id":"https:\/\/bakh.de\/wdp\/finkenberg-jugendfarm-und-freizeitgelande\/#breadcrumb"},"inLanguage":"de","potentialAction":[{"@type":"ReadAction","target":["https:\/\/bakh.de\/wdp\/finkenberg-jugendfarm-und-freizeitgelande\/"]}]},{"@type":"ImageObject","inLanguage":"de","@id":"https:\/\/bakh.de\/wdp\/finkenberg-jugendfarm-und-freizeitgelande\/#primaryimage","url":"http:\/\/bakh.de\/wdp\/wp-content\/gallery\/finkenberg_2011\/2011-07-finkbg-hock-011.jpg","contentUrl":"http:\/\/bakh.de\/wdp\/wp-content\/gallery\/finkenberg_2011\/2011-07-finkbg-hock-011.jpg"},{"@type":"BreadcrumbList","@id":"https:\/\/bakh.de\/wdp\/finkenberg-jugendfarm-und-freizeitgelande\/#breadcrumb","itemListElement":[{"@type":"ListItem","position":1,"name":"Startseite","item":"https:\/\/bakh.de\/wdp\/"},{"@type":"ListItem","position":2,"name":"Finkenberg: Jugendfarm und Freizeitgel\u00e4nde"}]},{"@type":"WebSite","@id":"https:\/\/bakh.de\/wdp\/#website","url":"https:\/\/bakh.de\/wdp\/","name":"B\u00fcrgeraktion Korber H\u00f6he e. V.","description":"","publisher":{"@id":"https:\/\/bakh.de\/wdp\/#organization"},"potentialAction":[{"@type":"SearchAction","target":{"@type":"EntryPoint","urlTemplate":"https:\/\/bakh.de\/wdp\/?s={search_term_string}"},"query-input":{"@type":"PropertyValueSpecification","valueRequired":true,"valueName":"search_term_string"}}],"inLanguage":"de"},{"@type":"Organization","@id":"https:\/\/bakh.de\/wdp\/#organization","name":"B\u00fcrgeraktion Korber H\u00f6he e. V.","url":"https:\/\/bakh.de\/wdp\/","logo":{"@type":"ImageObject","inLanguage":"de","@id":"https:\/\/bakh.de\/wdp\/#\/schema\/logo\/image\/","url":"https:\/\/bakh.de\/wdp\/wp-content\/uploads\/2025\/11\/BAKH_Logo_4c_512.jpg","contentUrl":"https:\/\/bakh.de\/wdp\/wp-content\/uploads\/2025\/11\/BAKH_Logo_4c_512.jpg","width":516,"height":518,"caption":"B\u00fcrgeraktion Korber H\u00f6he e. V."},"image":{"@id":"https:\/\/bakh.de\/wdp\/#\/schema\/logo\/image\/"}},{"@type":"Person","@id":"https:\/\/bakh.de\/wdp\/#\/schema\/person\/75a1e296c1c53d3fbbc0a3c6104f6370","name":"Uli","image":{"@type":"ImageObject","inLanguage":"de","@id":"https:\/\/secure.gravatar.com\/avatar\/3b55f09e3908cc7190694de428627f99ad7fb1fd6ca4aa1f5a2c94110a7a2967?s=96&d=mm&r=g","url":"https:\/\/secure.gravatar.com\/avatar\/3b55f09e3908cc7190694de428627f99ad7fb1fd6ca4aa1f5a2c94110a7a2967?s=96&d=mm&r=g","contentUrl":"https:\/\/secure.gravatar.com\/avatar\/3b55f09e3908cc7190694de428627f99ad7fb1fd6ca4aa1f5a2c94110a7a2967?s=96&d=mm&r=g","caption":"Uli"},"url":"https:\/\/bakh.de\/wdp\/author\/uli\/"}]}},"_links":{"self":[{"href":"https:\/\/bakh.de\/wdp\/wp-json\/wp\/v2\/posts\/1265","targetHints":{"allow":["GET"]}}],"collection":[{"href":"https:\/\/bakh.de\/wdp\/wp-json\/wp\/v2\/posts"}],"about":[{"href":"https:\/\/bakh.de\/wdp\/wp-json\/wp\/v2\/types\/post"}],"author":[{"embeddable":true,"href":"https:\/\/bakh.de\/wdp\/wp-json\/wp\/v2\/users\/3"}],"replies":[{"embeddable":true,"href":"https:\/\/bakh.de\/wdp\/wp-json\/wp\/v2\/comments?post=1265"}],"version-history":[{"count":15,"href":"https:\/\/bakh.de\/wdp\/wp-json\/wp\/v2\/posts\/1265\/revisions"}],"predecessor-version":[{"id":1340,"href":"https:\/\/bakh.de\/wdp\/wp-json\/wp\/v2\/posts\/1265\/revisions\/1340"}],"wp:attachment":[{"href":"https:\/\/bakh.de\/wdp\/wp-json\/wp\/v2\/media?parent=1265"}],"wp:term":[{"taxonomy":"category","embeddable":true,"href":"https:\/\/bakh.de\/wdp\/wp-json\/wp\/v2\/categories?post=1265"},{"taxonomy":"post_tag","embeddable":true,"href":"https:\/\/bakh.de\/wdp\/wp-json\/wp\/v2\/tags?post=1265"}],"curies":[{"name":"wp","href":"https:\/\/api.w.org\/{rel}","templated":true}]}}