{"id":1259,"date":"2013-04-20T13:37:57","date_gmt":"2013-04-20T13:37:57","guid":{"rendered":"http:\/\/bakh.de\/wdp\/?p=1259"},"modified":"2013-05-02T10:26:39","modified_gmt":"2013-05-02T10:26:39","slug":"die-finkenburg-das-neue-kinderhaus","status":"publish","type":"post","link":"https:\/\/bakh.de\/wdp\/die-finkenburg-das-neue-kinderhaus\/","title":{"rendered":"Die Finkenburg, das neue Kinderhaus"},"content":{"rendered":"<p><a href=\"http:\/\/bakh.de\/wdp\/wp-content\/uploads\/2013\/04\/k-IMG_1034.jpg\"><img loading=\"lazy\" decoding=\"async\" class=\"alignleft  wp-image-1260\" style=\"margin-top: 5px; margin-bottom: 5px;\" alt=\"k-IMG_1034\" src=\"http:\/\/bakh.de\/wdp\/wp-content\/uploads\/2013\/04\/k-IMG_1034.jpg\" width=\"192\" height=\"144\" srcset=\"https:\/\/bakh.de\/wdp\/wp-content\/uploads\/2013\/04\/k-IMG_1034.jpg 800w, https:\/\/bakh.de\/wdp\/wp-content\/uploads\/2013\/04\/k-IMG_1034-300x225.jpg 300w\" sizes=\"auto, (max-width: 192px) 100vw, 192px\" \/><\/a>Der Bau des <a title=\"Kinderhaus wird gebaut\" href=\"http:\/\/bakh.de\/wdp\/?p=1205\" target=\"_blank\">neuen Kinderhauses<\/a> an der Bajastra\u00dfe war Anlass zu der Informationsveranstaltung zum Stadtentwicklungsplan am 18.4.. Zwei Mitarbeiterinnen des Tr\u00e4gers <a href=\"http:\/\/www.konzept-e.de\/ge\/konzept-e\/unternehmen\/unternehmensphilosophie.php\" target=\"_blank\">Kind und Beruf gGmbH<\/a> stellten das <a href=\"http:\/\/www.element-i.de\/ge\/element-i\/index.php\" target=\"_blank\">element-i-Kinderhauskonzept<\/a> vor. <!--more-->Das Kinderhaus wird den Namen Finkenburg bekommen und soll wenn alles klappt im November dieses Jahres, ansonsten Anfang 2014 er\u00f6ffnet werden. Es wird vorwiegend Kindern von der Korber H\u00f6he Platz bieten. <a href=\"http:\/\/www.konzept-e.de\/ge\/konzept-e\/anmeldung\/anmeldung-step1-1.php\" target=\"_blank\">Anmeldungen<\/a> sind beim Tr\u00e4ger und bei der Stadt m\u00f6glich.<\/p>\n<p>In der Diskussion wurde der Bau begr\u00fc\u00dft, damit sollten alle Kinder der Korber H\u00f6he zuk\u00fcnftig einen Krippenplatz erhalten. Kritisch wurde die Parkplatzsituation an der Bushaltestelle gesehen, da das Kinderhaus lediglich 3 Stellpl\u00e4tze ausweisen wird und es nicht klar ist, wo die Eltern der Kleinkinder halten sollen und vor allem, wo die Mitarbeiter alle parken sollen.<\/p>\n<p>Aber vielleicht kommen die Mitarbeiter des Kinderhauses ja alle mit dem Bus, die Haltestelle Bajastra\u00dfe der Linie 207 ist direkt daneben und die Haltestelle Finkenberg des 209ers ist auch nicht weit. Oder sie kommen mit dem Fahrrad oder zu Fu\u00df, da sie auf der Korber H\u00f6he wohnen.<\/p>\n","protected":false},"excerpt":{"rendered":"<p>Der Bau des neuen Kinderhauses an der Bajastra\u00dfe war Anlass zu der Informationsveranstaltung zum Stadtentwicklungsplan am 18.4.. Zwei Mitarbeiterinnen des Tr\u00e4gers Kind und Beruf gGmbH stellten das element-i-Kinderhauskonzept vor.<\/p>\n","protected":false},"author":3,"featured_media":0,"comment_status":"closed","ping_status":"closed","sticky":false,"template":"","format":"standard","meta":{"ngg_post_thumbnail":0,"footnotes":""},"categories":[12,13],"tags":[],"class_list":["post-1259","post","type-post","status-publish","format-standard","hentry","category-kindertagesstatte","category-step"],"yoast_head":"<!-- This site is optimized with the Yoast SEO plugin v27.5 - https:\/\/yoast.com\/product\/yoast-seo-wordpress\/ -->\n<title>Die Finkenburg, das neue Kinderhaus - B\u00fcrgeraktion Korber H\u00f6he e. V.<\/title>\n<meta name=\"robots\" content=\"index, follow, max-snippet:-1, max-image-preview:large, max-video-preview:-1\" \/>\n<link rel=\"canonical\" href=\"https:\/\/bakh.de\/wdp\/die-finkenburg-das-neue-kinderhaus\/\" \/>\n<meta property=\"og:locale\" content=\"de_DE\" \/>\n<meta property=\"og:type\" content=\"article\" \/>\n<meta property=\"og:title\" content=\"Die Finkenburg, das neue Kinderhaus - B\u00fcrgeraktion Korber H\u00f6he e. V.\" \/>\n<meta property=\"og:description\" content=\"Der Bau des neuen Kinderhauses an der Bajastra\u00dfe war Anlass zu der Informationsveranstaltung zum Stadtentwicklungsplan am 18.4.. Zwei Mitarbeiterinnen des Tr\u00e4gers Kind und Beruf gGmbH stellten das element-i-Kinderhauskonzept vor.\" \/>\n<meta property=\"og:url\" content=\"https:\/\/bakh.de\/wdp\/die-finkenburg-das-neue-kinderhaus\/\" \/>\n<meta property=\"og:site_name\" content=\"B\u00fcrgeraktion Korber H\u00f6he e. V.\" \/>\n<meta property=\"article:published_time\" content=\"2013-04-20T13:37:57+00:00\" \/>\n<meta property=\"article:modified_time\" content=\"2013-05-02T10:26:39+00:00\" \/>\n<meta property=\"og:image\" content=\"http:\/\/bakh.de\/wdp\/wp-content\/uploads\/2013\/04\/k-IMG_1034.jpg\" \/>\n<meta name=\"author\" content=\"Uli\" \/>\n<meta name=\"twitter:card\" content=\"summary_large_image\" \/>\n<meta name=\"twitter:label1\" content=\"Verfasst von\" \/>\n\t<meta name=\"twitter:data1\" content=\"Uli\" \/>\n\t<meta name=\"twitter:label2\" content=\"Gesch\u00e4tzte Lesezeit\" \/>\n\t<meta name=\"twitter:data2\" content=\"1\u00a0Minute\" \/>\n<script type=\"application\/ld+json\" class=\"yoast-schema-graph\">{\"@context\":\"https:\\\/\\\/schema.org\",\"@graph\":[{\"@type\":\"Article\",\"@id\":\"https:\\\/\\\/bakh.de\\\/wdp\\\/die-finkenburg-das-neue-kinderhaus\\\/#article\",\"isPartOf\":{\"@id\":\"https:\\\/\\\/bakh.de\\\/wdp\\\/die-finkenburg-das-neue-kinderhaus\\\/\"},\"author\":{\"name\":\"Uli\",\"@id\":\"https:\\\/\\\/bakh.de\\\/wdp\\\/#\\\/schema\\\/person\\\/75a1e296c1c53d3fbbc0a3c6104f6370\"},\"headline\":\"Die Finkenburg, das neue Kinderhaus\",\"datePublished\":\"2013-04-20T13:37:57+00:00\",\"dateModified\":\"2013-05-02T10:26:39+00:00\",\"mainEntityOfPage\":{\"@id\":\"https:\\\/\\\/bakh.de\\\/wdp\\\/die-finkenburg-das-neue-kinderhaus\\\/\"},\"wordCount\":184,\"publisher\":{\"@id\":\"https:\\\/\\\/bakh.de\\\/wdp\\\/#organization\"},\"image\":{\"@id\":\"https:\\\/\\\/bakh.de\\\/wdp\\\/die-finkenburg-das-neue-kinderhaus\\\/#primaryimage\"},\"thumbnailUrl\":\"http:\\\/\\\/bakh.de\\\/wdp\\\/wp-content\\\/uploads\\\/2013\\\/04\\\/k-IMG_1034.jpg\",\"articleSection\":[\"Kindertagesst\u00e4tte\",\"STEP\"],\"inLanguage\":\"de\"},{\"@type\":\"WebPage\",\"@id\":\"https:\\\/\\\/bakh.de\\\/wdp\\\/die-finkenburg-das-neue-kinderhaus\\\/\",\"url\":\"https:\\\/\\\/bakh.de\\\/wdp\\\/die-finkenburg-das-neue-kinderhaus\\\/\",\"name\":\"Die Finkenburg, das neue Kinderhaus - B\u00fcrgeraktion Korber H\u00f6he e. V.\",\"isPartOf\":{\"@id\":\"https:\\\/\\\/bakh.de\\\/wdp\\\/#website\"},\"primaryImageOfPage\":{\"@id\":\"https:\\\/\\\/bakh.de\\\/wdp\\\/die-finkenburg-das-neue-kinderhaus\\\/#primaryimage\"},\"image\":{\"@id\":\"https:\\\/\\\/bakh.de\\\/wdp\\\/die-finkenburg-das-neue-kinderhaus\\\/#primaryimage\"},\"thumbnailUrl\":\"http:\\\/\\\/bakh.de\\\/wdp\\\/wp-content\\\/uploads\\\/2013\\\/04\\\/k-IMG_1034.jpg\",\"datePublished\":\"2013-04-20T13:37:57+00:00\",\"dateModified\":\"2013-05-02T10:26:39+00:00\",\"breadcrumb\":{\"@id\":\"https:\\\/\\\/bakh.de\\\/wdp\\\/die-finkenburg-das-neue-kinderhaus\\\/#breadcrumb\"},\"inLanguage\":\"de\",\"potentialAction\":[{\"@type\":\"ReadAction\",\"target\":[\"https:\\\/\\\/bakh.de\\\/wdp\\\/die-finkenburg-das-neue-kinderhaus\\\/\"]}]},{\"@type\":\"ImageObject\",\"inLanguage\":\"de\",\"@id\":\"https:\\\/\\\/bakh.de\\\/wdp\\\/die-finkenburg-das-neue-kinderhaus\\\/#primaryimage\",\"url\":\"https:\\\/\\\/bakh.de\\\/wdp\\\/wp-content\\\/uploads\\\/2013\\\/04\\\/k-IMG_1034.jpg\",\"contentUrl\":\"https:\\\/\\\/bakh.de\\\/wdp\\\/wp-content\\\/uploads\\\/2013\\\/04\\\/k-IMG_1034.jpg\",\"width\":800,\"height\":600},{\"@type\":\"BreadcrumbList\",\"@id\":\"https:\\\/\\\/bakh.de\\\/wdp\\\/die-finkenburg-das-neue-kinderhaus\\\/#breadcrumb\",\"itemListElement\":[{\"@type\":\"ListItem\",\"position\":1,\"name\":\"Startseite\",\"item\":\"https:\\\/\\\/bakh.de\\\/wdp\\\/\"},{\"@type\":\"ListItem\",\"position\":2,\"name\":\"Die Finkenburg, das neue Kinderhaus\"}]},{\"@type\":\"WebSite\",\"@id\":\"https:\\\/\\\/bakh.de\\\/wdp\\\/#website\",\"url\":\"https:\\\/\\\/bakh.de\\\/wdp\\\/\",\"name\":\"B\u00fcrgeraktion Korber H\u00f6he e. V.\",\"description\":\"\",\"publisher\":{\"@id\":\"https:\\\/\\\/bakh.de\\\/wdp\\\/#organization\"},\"potentialAction\":[{\"@type\":\"SearchAction\",\"target\":{\"@type\":\"EntryPoint\",\"urlTemplate\":\"https:\\\/\\\/bakh.de\\\/wdp\\\/?s={search_term_string}\"},\"query-input\":{\"@type\":\"PropertyValueSpecification\",\"valueRequired\":true,\"valueName\":\"search_term_string\"}}],\"inLanguage\":\"de\"},{\"@type\":\"Organization\",\"@id\":\"https:\\\/\\\/bakh.de\\\/wdp\\\/#organization\",\"name\":\"B\u00fcrgeraktion Korber H\u00f6he e. V.\",\"url\":\"https:\\\/\\\/bakh.de\\\/wdp\\\/\",\"logo\":{\"@type\":\"ImageObject\",\"inLanguage\":\"de\",\"@id\":\"https:\\\/\\\/bakh.de\\\/wdp\\\/#\\\/schema\\\/logo\\\/image\\\/\",\"url\":\"https:\\\/\\\/bakh.de\\\/wdp\\\/wp-content\\\/uploads\\\/2025\\\/11\\\/BAKH_Logo_4c_512.jpg\",\"contentUrl\":\"https:\\\/\\\/bakh.de\\\/wdp\\\/wp-content\\\/uploads\\\/2025\\\/11\\\/BAKH_Logo_4c_512.jpg\",\"width\":516,\"height\":518,\"caption\":\"B\u00fcrgeraktion Korber H\u00f6he e. V.\"},\"image\":{\"@id\":\"https:\\\/\\\/bakh.de\\\/wdp\\\/#\\\/schema\\\/logo\\\/image\\\/\"}},{\"@type\":\"Person\",\"@id\":\"https:\\\/\\\/bakh.de\\\/wdp\\\/#\\\/schema\\\/person\\\/75a1e296c1c53d3fbbc0a3c6104f6370\",\"name\":\"Uli\",\"image\":{\"@type\":\"ImageObject\",\"inLanguage\":\"de\",\"@id\":\"https:\\\/\\\/secure.gravatar.com\\\/avatar\\\/3b55f09e3908cc7190694de428627f99ad7fb1fd6ca4aa1f5a2c94110a7a2967?s=96&d=mm&r=g\",\"url\":\"https:\\\/\\\/secure.gravatar.com\\\/avatar\\\/3b55f09e3908cc7190694de428627f99ad7fb1fd6ca4aa1f5a2c94110a7a2967?s=96&d=mm&r=g\",\"contentUrl\":\"https:\\\/\\\/secure.gravatar.com\\\/avatar\\\/3b55f09e3908cc7190694de428627f99ad7fb1fd6ca4aa1f5a2c94110a7a2967?s=96&d=mm&r=g\",\"caption\":\"Uli\"},\"url\":\"https:\\\/\\\/bakh.de\\\/wdp\\\/author\\\/uli\\\/\"}]}<\/script>\n<!-- \/ Yoast SEO plugin. -->","yoast_head_json":{"title":"Die Finkenburg, das neue Kinderhaus - B\u00fcrgeraktion Korber H\u00f6he e. V.","robots":{"index":"index","follow":"follow","max-snippet":"max-snippet:-1","max-image-preview":"max-image-preview:large","max-video-preview":"max-video-preview:-1"},"canonical":"https:\/\/bakh.de\/wdp\/die-finkenburg-das-neue-kinderhaus\/","og_locale":"de_DE","og_type":"article","og_title":"Die Finkenburg, das neue Kinderhaus - B\u00fcrgeraktion Korber H\u00f6he e. V.","og_description":"Der Bau des neuen Kinderhauses an der Bajastra\u00dfe war Anlass zu der Informationsveranstaltung zum Stadtentwicklungsplan am 18.4.. Zwei Mitarbeiterinnen des Tr\u00e4gers Kind und Beruf gGmbH stellten das element-i-Kinderhauskonzept vor.","og_url":"https:\/\/bakh.de\/wdp\/die-finkenburg-das-neue-kinderhaus\/","og_site_name":"B\u00fcrgeraktion Korber H\u00f6he e. V.","article_published_time":"2013-04-20T13:37:57+00:00","article_modified_time":"2013-05-02T10:26:39+00:00","og_image":[{"url":"http:\/\/bakh.de\/wdp\/wp-content\/uploads\/2013\/04\/k-IMG_1034.jpg","type":"","width":"","height":""}],"author":"Uli","twitter_card":"summary_large_image","twitter_misc":{"Verfasst von":"Uli","Gesch\u00e4tzte Lesezeit":"1\u00a0Minute"},"schema":{"@context":"https:\/\/schema.org","@graph":[{"@type":"Article","@id":"https:\/\/bakh.de\/wdp\/die-finkenburg-das-neue-kinderhaus\/#article","isPartOf":{"@id":"https:\/\/bakh.de\/wdp\/die-finkenburg-das-neue-kinderhaus\/"},"author":{"name":"Uli","@id":"https:\/\/bakh.de\/wdp\/#\/schema\/person\/75a1e296c1c53d3fbbc0a3c6104f6370"},"headline":"Die Finkenburg, das neue Kinderhaus","datePublished":"2013-04-20T13:37:57+00:00","dateModified":"2013-05-02T10:26:39+00:00","mainEntityOfPage":{"@id":"https:\/\/bakh.de\/wdp\/die-finkenburg-das-neue-kinderhaus\/"},"wordCount":184,"publisher":{"@id":"https:\/\/bakh.de\/wdp\/#organization"},"image":{"@id":"https:\/\/bakh.de\/wdp\/die-finkenburg-das-neue-kinderhaus\/#primaryimage"},"thumbnailUrl":"http:\/\/bakh.de\/wdp\/wp-content\/uploads\/2013\/04\/k-IMG_1034.jpg","articleSection":["Kindertagesst\u00e4tte","STEP"],"inLanguage":"de"},{"@type":"WebPage","@id":"https:\/\/bakh.de\/wdp\/die-finkenburg-das-neue-kinderhaus\/","url":"https:\/\/bakh.de\/wdp\/die-finkenburg-das-neue-kinderhaus\/","name":"Die Finkenburg, das neue Kinderhaus - B\u00fcrgeraktion Korber H\u00f6he e. V.","isPartOf":{"@id":"https:\/\/bakh.de\/wdp\/#website"},"primaryImageOfPage":{"@id":"https:\/\/bakh.de\/wdp\/die-finkenburg-das-neue-kinderhaus\/#primaryimage"},"image":{"@id":"https:\/\/bakh.de\/wdp\/die-finkenburg-das-neue-kinderhaus\/#primaryimage"},"thumbnailUrl":"http:\/\/bakh.de\/wdp\/wp-content\/uploads\/2013\/04\/k-IMG_1034.jpg","datePublished":"2013-04-20T13:37:57+00:00","dateModified":"2013-05-02T10:26:39+00:00","breadcrumb":{"@id":"https:\/\/bakh.de\/wdp\/die-finkenburg-das-neue-kinderhaus\/#breadcrumb"},"inLanguage":"de","potentialAction":[{"@type":"ReadAction","target":["https:\/\/bakh.de\/wdp\/die-finkenburg-das-neue-kinderhaus\/"]}]},{"@type":"ImageObject","inLanguage":"de","@id":"https:\/\/bakh.de\/wdp\/die-finkenburg-das-neue-kinderhaus\/#primaryimage","url":"https:\/\/bakh.de\/wdp\/wp-content\/uploads\/2013\/04\/k-IMG_1034.jpg","contentUrl":"https:\/\/bakh.de\/wdp\/wp-content\/uploads\/2013\/04\/k-IMG_1034.jpg","width":800,"height":600},{"@type":"BreadcrumbList","@id":"https:\/\/bakh.de\/wdp\/die-finkenburg-das-neue-kinderhaus\/#breadcrumb","itemListElement":[{"@type":"ListItem","position":1,"name":"Startseite","item":"https:\/\/bakh.de\/wdp\/"},{"@type":"ListItem","position":2,"name":"Die Finkenburg, das neue Kinderhaus"}]},{"@type":"WebSite","@id":"https:\/\/bakh.de\/wdp\/#website","url":"https:\/\/bakh.de\/wdp\/","name":"B\u00fcrgeraktion Korber H\u00f6he e. V.","description":"","publisher":{"@id":"https:\/\/bakh.de\/wdp\/#organization"},"potentialAction":[{"@type":"SearchAction","target":{"@type":"EntryPoint","urlTemplate":"https:\/\/bakh.de\/wdp\/?s={search_term_string}"},"query-input":{"@type":"PropertyValueSpecification","valueRequired":true,"valueName":"search_term_string"}}],"inLanguage":"de"},{"@type":"Organization","@id":"https:\/\/bakh.de\/wdp\/#organization","name":"B\u00fcrgeraktion Korber H\u00f6he e. V.","url":"https:\/\/bakh.de\/wdp\/","logo":{"@type":"ImageObject","inLanguage":"de","@id":"https:\/\/bakh.de\/wdp\/#\/schema\/logo\/image\/","url":"https:\/\/bakh.de\/wdp\/wp-content\/uploads\/2025\/11\/BAKH_Logo_4c_512.jpg","contentUrl":"https:\/\/bakh.de\/wdp\/wp-content\/uploads\/2025\/11\/BAKH_Logo_4c_512.jpg","width":516,"height":518,"caption":"B\u00fcrgeraktion Korber H\u00f6he e. V."},"image":{"@id":"https:\/\/bakh.de\/wdp\/#\/schema\/logo\/image\/"}},{"@type":"Person","@id":"https:\/\/bakh.de\/wdp\/#\/schema\/person\/75a1e296c1c53d3fbbc0a3c6104f6370","name":"Uli","image":{"@type":"ImageObject","inLanguage":"de","@id":"https:\/\/secure.gravatar.com\/avatar\/3b55f09e3908cc7190694de428627f99ad7fb1fd6ca4aa1f5a2c94110a7a2967?s=96&d=mm&r=g","url":"https:\/\/secure.gravatar.com\/avatar\/3b55f09e3908cc7190694de428627f99ad7fb1fd6ca4aa1f5a2c94110a7a2967?s=96&d=mm&r=g","contentUrl":"https:\/\/secure.gravatar.com\/avatar\/3b55f09e3908cc7190694de428627f99ad7fb1fd6ca4aa1f5a2c94110a7a2967?s=96&d=mm&r=g","caption":"Uli"},"url":"https:\/\/bakh.de\/wdp\/author\/uli\/"}]}},"_links":{"self":[{"href":"https:\/\/bakh.de\/wdp\/wp-json\/wp\/v2\/posts\/1259","targetHints":{"allow":["GET"]}}],"collection":[{"href":"https:\/\/bakh.de\/wdp\/wp-json\/wp\/v2\/posts"}],"about":[{"href":"https:\/\/bakh.de\/wdp\/wp-json\/wp\/v2\/types\/post"}],"author":[{"embeddable":true,"href":"https:\/\/bakh.de\/wdp\/wp-json\/wp\/v2\/users\/3"}],"replies":[{"embeddable":true,"href":"https:\/\/bakh.de\/wdp\/wp-json\/wp\/v2\/comments?post=1259"}],"version-history":[{"count":9,"href":"https:\/\/bakh.de\/wdp\/wp-json\/wp\/v2\/posts\/1259\/revisions"}],"predecessor-version":[{"id":1345,"href":"https:\/\/bakh.de\/wdp\/wp-json\/wp\/v2\/posts\/1259\/revisions\/1345"}],"wp:attachment":[{"href":"https:\/\/bakh.de\/wdp\/wp-json\/wp\/v2\/media?parent=1259"}],"wp:term":[{"taxonomy":"category","embeddable":true,"href":"https:\/\/bakh.de\/wdp\/wp-json\/wp\/v2\/categories?post=1259"},{"taxonomy":"post_tag","embeddable":true,"href":"https:\/\/bakh.de\/wdp\/wp-json\/wp\/v2\/tags?post=1259"}],"curies":[{"name":"wp","href":"https:\/\/api.w.org\/{rel}","templated":true}]}}