{"id":1205,"date":"2013-03-24T17:47:57","date_gmt":"2013-03-24T17:47:57","guid":{"rendered":"http:\/\/bakh.de\/wdp\/?p=1205"},"modified":"2014-07-27T18:42:36","modified_gmt":"2014-07-27T18:42:36","slug":"kinderhaus-wird-gebaut","status":"publish","type":"post","link":"https:\/\/bakh.de\/wdp\/kinderhaus-wird-gebaut\/","title":{"rendered":"Kinderhaus wird gebaut"},"content":{"rendered":"<p><a href=\"http:\/\/bakh.de\/wdp\/wp-content\/uploads\/2013\/03\/k-IMG_1373.jpg\"><img loading=\"lazy\" decoding=\"async\" class=\"alignleft  wp-image-1206\" style=\"margin-top: 2px; margin-bottom: 2px;\" src=\"http:\/\/bakh.de\/wdp\/wp-content\/uploads\/2013\/03\/k-IMG_1373.jpg\" alt=\"k-IMG_1373\" width=\"160\" height=\"120\" srcset=\"https:\/\/bakh.de\/wdp\/wp-content\/uploads\/2013\/03\/k-IMG_1373.jpg 800w, https:\/\/bakh.de\/wdp\/wp-content\/uploads\/2013\/03\/k-IMG_1373-300x225.jpg 300w\" sizes=\"auto, (max-width: 160px) 100vw, 160px\" \/><\/a>Der Gemeinderatssitzung beschlo\u00df in seiner Sitzung am Donnertag, 14.03.2013, das Kinderhaus bei der Bajastra\u00dfe im Gebiet Korber H\u00f6he II zu bauen. Das Kinderhaus wird von einem freien Tr\u00e4ger, der <a href=\"http:\/\/www.konzept-e.de\/ge\/konzept-e\/unternehmen\/unternehmensphilosophie.php\" target=\"_blank\">Kind und Beruf gGmbH<\/a>, errichtet und betrieben. Ziel der Stadt Waiblingen ist der bedarfsgerechte Ausbau des Betreuungsangebots in der Stadt Waiblingen, insbesondere f\u00fcr Kinder unter 3 Jahren. <!--more--><\/p>\n<p>Es sind zwei Kindergartengruppen mit insgesamt 30 Pl\u00e4tzen sowie drei Kleinkindgruppen mit insgesamt 30 Pl\u00e4tzen in der Ganztagesbetreuung geplant. Die Kind und Beruf gGmbH erh\u00e4lt f\u00fcr den Betrieb der Gruppen \u00fcber die Dauer der Aufnahme in der Bedarfsplanung j\u00e4hrlich eine F\u00f6rderung zu den Betriebskosten. F\u00fcr den Bau der Kindertageseinrichtung wird ein Investitionszuschuss von 70 % der Investitionskosten gew\u00e4hrt.<\/p>\n<p>Wie B\u00fcrgermeister Staab im Gemeinderat feststellte, fehlen auf der Korber H\u00f6he Kindergartenpl\u00e4tze sowohl f\u00fcr die unter als auch f\u00fcr die \u00fcber 3-J\u00e4hrigen. Mit dem Bau, der noch im Mai begonnen werden soll, soll diese L\u00fccke geschlo\u00dfen werden. Wenn alles nach Plan l\u00e4uft, k\u00f6nnte das Kinderhaus noch in diesem Jahr fertiggestellt werden. Die B\u00fcrgeraktion Korber H\u00f6he begr\u00fc\u00dft die Verbesserung des Betreuungsangebotes f\u00fcr die Familien auf der Korber H\u00f6he.<\/p>\n<p>Einen ausf\u00fchrlichen Bericht zum Kinderhaus, der Entscheidung im Gemeinderat und dem p\u00e4dagogischen Konzept des neuen Tr\u00e4gers finden Sie im <a href=\"http:\/\/waiblingen.de\/sixcms\/detail.php?id=27925\" target=\"_blank\">Staufer Kurier<\/a> vom 4. April 2013.<\/p>\n\n","protected":false},"excerpt":{"rendered":"<p>Der Gemeinderatssitzung beschlo\u00df in seiner Sitzung am Donnertag, 14.03.2013, das Kinderhaus bei der Bajastra\u00dfe im Gebiet Korber H\u00f6he II zu bauen. Das Kinderhaus wird von einem freien Tr\u00e4ger, der Kind und Beruf gGmbH, errichtet und betrieben. Ziel der Stadt Waiblingen ist der bedarfsgerechte Ausbau des Betreuungsangebots in der Stadt Waiblingen, insbesondere f\u00fcr Kinder unter 3 [&hellip;]<\/p>\n","protected":false},"author":3,"featured_media":0,"comment_status":"closed","ping_status":"closed","sticky":false,"template":"","format":"standard","meta":{"ngg_post_thumbnail":0,"footnotes":""},"categories":[12],"tags":[],"class_list":["post-1205","post","type-post","status-publish","format-standard","hentry","category-kindertagesstatte"],"yoast_head":"<!-- This site is optimized with the Yoast SEO plugin v27.5 - https:\/\/yoast.com\/product\/yoast-seo-wordpress\/ -->\n<title>Kinderhaus wird gebaut - B\u00fcrgeraktion Korber H\u00f6he e. V.<\/title>\n<meta name=\"robots\" content=\"index, follow, max-snippet:-1, max-image-preview:large, max-video-preview:-1\" \/>\n<link rel=\"canonical\" href=\"https:\/\/bakh.de\/wdp\/kinderhaus-wird-gebaut\/\" \/>\n<meta property=\"og:locale\" content=\"de_DE\" \/>\n<meta property=\"og:type\" content=\"article\" \/>\n<meta property=\"og:title\" content=\"Kinderhaus wird gebaut - B\u00fcrgeraktion Korber H\u00f6he e. V.\" \/>\n<meta property=\"og:description\" content=\"Der Gemeinderatssitzung beschlo\u00df in seiner Sitzung am Donnertag, 14.03.2013, das Kinderhaus bei der Bajastra\u00dfe im Gebiet Korber H\u00f6he II zu bauen. Das Kinderhaus wird von einem freien Tr\u00e4ger, der Kind und Beruf gGmbH, errichtet und betrieben. Ziel der Stadt Waiblingen ist der bedarfsgerechte Ausbau des Betreuungsangebots in der Stadt Waiblingen, insbesondere f\u00fcr Kinder unter 3 [&hellip;]\" \/>\n<meta property=\"og:url\" content=\"https:\/\/bakh.de\/wdp\/kinderhaus-wird-gebaut\/\" \/>\n<meta property=\"og:site_name\" content=\"B\u00fcrgeraktion Korber H\u00f6he e. V.\" \/>\n<meta property=\"article:published_time\" content=\"2013-03-24T17:47:57+00:00\" \/>\n<meta property=\"article:modified_time\" content=\"2014-07-27T18:42:36+00:00\" \/>\n<meta property=\"og:image\" content=\"http:\/\/bakh.de\/wdp\/wp-content\/uploads\/2013\/03\/k-IMG_1373.jpg\" \/>\n<meta name=\"author\" content=\"Uli\" \/>\n<meta name=\"twitter:card\" content=\"summary_large_image\" \/>\n<meta name=\"twitter:label1\" content=\"Verfasst von\" \/>\n\t<meta name=\"twitter:data1\" content=\"Uli\" \/>\n\t<meta name=\"twitter:label2\" content=\"Gesch\u00e4tzte Lesezeit\" \/>\n\t<meta name=\"twitter:data2\" content=\"1\u00a0Minute\" \/>\n<script type=\"application\/ld+json\" class=\"yoast-schema-graph\">{\"@context\":\"https:\\\/\\\/schema.org\",\"@graph\":[{\"@type\":\"Article\",\"@id\":\"https:\\\/\\\/bakh.de\\\/wdp\\\/kinderhaus-wird-gebaut\\\/#article\",\"isPartOf\":{\"@id\":\"https:\\\/\\\/bakh.de\\\/wdp\\\/kinderhaus-wird-gebaut\\\/\"},\"author\":{\"name\":\"Uli\",\"@id\":\"https:\\\/\\\/bakh.de\\\/wdp\\\/#\\\/schema\\\/person\\\/75a1e296c1c53d3fbbc0a3c6104f6370\"},\"headline\":\"Kinderhaus wird gebaut\",\"datePublished\":\"2013-03-24T17:47:57+00:00\",\"dateModified\":\"2014-07-27T18:42:36+00:00\",\"mainEntityOfPage\":{\"@id\":\"https:\\\/\\\/bakh.de\\\/wdp\\\/kinderhaus-wird-gebaut\\\/\"},\"wordCount\":233,\"publisher\":{\"@id\":\"https:\\\/\\\/bakh.de\\\/wdp\\\/#organization\"},\"image\":{\"@id\":\"https:\\\/\\\/bakh.de\\\/wdp\\\/kinderhaus-wird-gebaut\\\/#primaryimage\"},\"thumbnailUrl\":\"http:\\\/\\\/bakh.de\\\/wdp\\\/wp-content\\\/uploads\\\/2013\\\/03\\\/k-IMG_1373.jpg\",\"articleSection\":[\"Kindertagesst\u00e4tte\"],\"inLanguage\":\"de\"},{\"@type\":\"WebPage\",\"@id\":\"https:\\\/\\\/bakh.de\\\/wdp\\\/kinderhaus-wird-gebaut\\\/\",\"url\":\"https:\\\/\\\/bakh.de\\\/wdp\\\/kinderhaus-wird-gebaut\\\/\",\"name\":\"Kinderhaus wird gebaut - B\u00fcrgeraktion Korber H\u00f6he e. V.\",\"isPartOf\":{\"@id\":\"https:\\\/\\\/bakh.de\\\/wdp\\\/#website\"},\"primaryImageOfPage\":{\"@id\":\"https:\\\/\\\/bakh.de\\\/wdp\\\/kinderhaus-wird-gebaut\\\/#primaryimage\"},\"image\":{\"@id\":\"https:\\\/\\\/bakh.de\\\/wdp\\\/kinderhaus-wird-gebaut\\\/#primaryimage\"},\"thumbnailUrl\":\"http:\\\/\\\/bakh.de\\\/wdp\\\/wp-content\\\/uploads\\\/2013\\\/03\\\/k-IMG_1373.jpg\",\"datePublished\":\"2013-03-24T17:47:57+00:00\",\"dateModified\":\"2014-07-27T18:42:36+00:00\",\"breadcrumb\":{\"@id\":\"https:\\\/\\\/bakh.de\\\/wdp\\\/kinderhaus-wird-gebaut\\\/#breadcrumb\"},\"inLanguage\":\"de\",\"potentialAction\":[{\"@type\":\"ReadAction\",\"target\":[\"https:\\\/\\\/bakh.de\\\/wdp\\\/kinderhaus-wird-gebaut\\\/\"]}]},{\"@type\":\"ImageObject\",\"inLanguage\":\"de\",\"@id\":\"https:\\\/\\\/bakh.de\\\/wdp\\\/kinderhaus-wird-gebaut\\\/#primaryimage\",\"url\":\"https:\\\/\\\/bakh.de\\\/wdp\\\/wp-content\\\/uploads\\\/2013\\\/03\\\/k-IMG_1373.jpg\",\"contentUrl\":\"https:\\\/\\\/bakh.de\\\/wdp\\\/wp-content\\\/uploads\\\/2013\\\/03\\\/k-IMG_1373.jpg\",\"width\":800,\"height\":600},{\"@type\":\"BreadcrumbList\",\"@id\":\"https:\\\/\\\/bakh.de\\\/wdp\\\/kinderhaus-wird-gebaut\\\/#breadcrumb\",\"itemListElement\":[{\"@type\":\"ListItem\",\"position\":1,\"name\":\"Startseite\",\"item\":\"https:\\\/\\\/bakh.de\\\/wdp\\\/\"},{\"@type\":\"ListItem\",\"position\":2,\"name\":\"Kinderhaus wird gebaut\"}]},{\"@type\":\"WebSite\",\"@id\":\"https:\\\/\\\/bakh.de\\\/wdp\\\/#website\",\"url\":\"https:\\\/\\\/bakh.de\\\/wdp\\\/\",\"name\":\"B\u00fcrgeraktion Korber H\u00f6he e. V.\",\"description\":\"\",\"publisher\":{\"@id\":\"https:\\\/\\\/bakh.de\\\/wdp\\\/#organization\"},\"potentialAction\":[{\"@type\":\"SearchAction\",\"target\":{\"@type\":\"EntryPoint\",\"urlTemplate\":\"https:\\\/\\\/bakh.de\\\/wdp\\\/?s={search_term_string}\"},\"query-input\":{\"@type\":\"PropertyValueSpecification\",\"valueRequired\":true,\"valueName\":\"search_term_string\"}}],\"inLanguage\":\"de\"},{\"@type\":\"Organization\",\"@id\":\"https:\\\/\\\/bakh.de\\\/wdp\\\/#organization\",\"name\":\"B\u00fcrgeraktion Korber H\u00f6he e. V.\",\"url\":\"https:\\\/\\\/bakh.de\\\/wdp\\\/\",\"logo\":{\"@type\":\"ImageObject\",\"inLanguage\":\"de\",\"@id\":\"https:\\\/\\\/bakh.de\\\/wdp\\\/#\\\/schema\\\/logo\\\/image\\\/\",\"url\":\"https:\\\/\\\/bakh.de\\\/wdp\\\/wp-content\\\/uploads\\\/2025\\\/11\\\/BAKH_Logo_4c_512.jpg\",\"contentUrl\":\"https:\\\/\\\/bakh.de\\\/wdp\\\/wp-content\\\/uploads\\\/2025\\\/11\\\/BAKH_Logo_4c_512.jpg\",\"width\":516,\"height\":518,\"caption\":\"B\u00fcrgeraktion Korber H\u00f6he e. V.\"},\"image\":{\"@id\":\"https:\\\/\\\/bakh.de\\\/wdp\\\/#\\\/schema\\\/logo\\\/image\\\/\"}},{\"@type\":\"Person\",\"@id\":\"https:\\\/\\\/bakh.de\\\/wdp\\\/#\\\/schema\\\/person\\\/75a1e296c1c53d3fbbc0a3c6104f6370\",\"name\":\"Uli\",\"image\":{\"@type\":\"ImageObject\",\"inLanguage\":\"de\",\"@id\":\"https:\\\/\\\/secure.gravatar.com\\\/avatar\\\/3b55f09e3908cc7190694de428627f99ad7fb1fd6ca4aa1f5a2c94110a7a2967?s=96&d=mm&r=g\",\"url\":\"https:\\\/\\\/secure.gravatar.com\\\/avatar\\\/3b55f09e3908cc7190694de428627f99ad7fb1fd6ca4aa1f5a2c94110a7a2967?s=96&d=mm&r=g\",\"contentUrl\":\"https:\\\/\\\/secure.gravatar.com\\\/avatar\\\/3b55f09e3908cc7190694de428627f99ad7fb1fd6ca4aa1f5a2c94110a7a2967?s=96&d=mm&r=g\",\"caption\":\"Uli\"},\"url\":\"https:\\\/\\\/bakh.de\\\/wdp\\\/author\\\/uli\\\/\"}]}<\/script>\n<!-- \/ Yoast SEO plugin. -->","yoast_head_json":{"title":"Kinderhaus wird gebaut - B\u00fcrgeraktion Korber H\u00f6he e. V.","robots":{"index":"index","follow":"follow","max-snippet":"max-snippet:-1","max-image-preview":"max-image-preview:large","max-video-preview":"max-video-preview:-1"},"canonical":"https:\/\/bakh.de\/wdp\/kinderhaus-wird-gebaut\/","og_locale":"de_DE","og_type":"article","og_title":"Kinderhaus wird gebaut - B\u00fcrgeraktion Korber H\u00f6he e. V.","og_description":"Der Gemeinderatssitzung beschlo\u00df in seiner Sitzung am Donnertag, 14.03.2013, das Kinderhaus bei der Bajastra\u00dfe im Gebiet Korber H\u00f6he II zu bauen. Das Kinderhaus wird von einem freien Tr\u00e4ger, der Kind und Beruf gGmbH, errichtet und betrieben. Ziel der Stadt Waiblingen ist der bedarfsgerechte Ausbau des Betreuungsangebots in der Stadt Waiblingen, insbesondere f\u00fcr Kinder unter 3 [&hellip;]","og_url":"https:\/\/bakh.de\/wdp\/kinderhaus-wird-gebaut\/","og_site_name":"B\u00fcrgeraktion Korber H\u00f6he e. V.","article_published_time":"2013-03-24T17:47:57+00:00","article_modified_time":"2014-07-27T18:42:36+00:00","og_image":[{"url":"http:\/\/bakh.de\/wdp\/wp-content\/uploads\/2013\/03\/k-IMG_1373.jpg","type":"","width":"","height":""}],"author":"Uli","twitter_card":"summary_large_image","twitter_misc":{"Verfasst von":"Uli","Gesch\u00e4tzte Lesezeit":"1\u00a0Minute"},"schema":{"@context":"https:\/\/schema.org","@graph":[{"@type":"Article","@id":"https:\/\/bakh.de\/wdp\/kinderhaus-wird-gebaut\/#article","isPartOf":{"@id":"https:\/\/bakh.de\/wdp\/kinderhaus-wird-gebaut\/"},"author":{"name":"Uli","@id":"https:\/\/bakh.de\/wdp\/#\/schema\/person\/75a1e296c1c53d3fbbc0a3c6104f6370"},"headline":"Kinderhaus wird gebaut","datePublished":"2013-03-24T17:47:57+00:00","dateModified":"2014-07-27T18:42:36+00:00","mainEntityOfPage":{"@id":"https:\/\/bakh.de\/wdp\/kinderhaus-wird-gebaut\/"},"wordCount":233,"publisher":{"@id":"https:\/\/bakh.de\/wdp\/#organization"},"image":{"@id":"https:\/\/bakh.de\/wdp\/kinderhaus-wird-gebaut\/#primaryimage"},"thumbnailUrl":"http:\/\/bakh.de\/wdp\/wp-content\/uploads\/2013\/03\/k-IMG_1373.jpg","articleSection":["Kindertagesst\u00e4tte"],"inLanguage":"de"},{"@type":"WebPage","@id":"https:\/\/bakh.de\/wdp\/kinderhaus-wird-gebaut\/","url":"https:\/\/bakh.de\/wdp\/kinderhaus-wird-gebaut\/","name":"Kinderhaus wird gebaut - B\u00fcrgeraktion Korber H\u00f6he e. V.","isPartOf":{"@id":"https:\/\/bakh.de\/wdp\/#website"},"primaryImageOfPage":{"@id":"https:\/\/bakh.de\/wdp\/kinderhaus-wird-gebaut\/#primaryimage"},"image":{"@id":"https:\/\/bakh.de\/wdp\/kinderhaus-wird-gebaut\/#primaryimage"},"thumbnailUrl":"http:\/\/bakh.de\/wdp\/wp-content\/uploads\/2013\/03\/k-IMG_1373.jpg","datePublished":"2013-03-24T17:47:57+00:00","dateModified":"2014-07-27T18:42:36+00:00","breadcrumb":{"@id":"https:\/\/bakh.de\/wdp\/kinderhaus-wird-gebaut\/#breadcrumb"},"inLanguage":"de","potentialAction":[{"@type":"ReadAction","target":["https:\/\/bakh.de\/wdp\/kinderhaus-wird-gebaut\/"]}]},{"@type":"ImageObject","inLanguage":"de","@id":"https:\/\/bakh.de\/wdp\/kinderhaus-wird-gebaut\/#primaryimage","url":"https:\/\/bakh.de\/wdp\/wp-content\/uploads\/2013\/03\/k-IMG_1373.jpg","contentUrl":"https:\/\/bakh.de\/wdp\/wp-content\/uploads\/2013\/03\/k-IMG_1373.jpg","width":800,"height":600},{"@type":"BreadcrumbList","@id":"https:\/\/bakh.de\/wdp\/kinderhaus-wird-gebaut\/#breadcrumb","itemListElement":[{"@type":"ListItem","position":1,"name":"Startseite","item":"https:\/\/bakh.de\/wdp\/"},{"@type":"ListItem","position":2,"name":"Kinderhaus wird gebaut"}]},{"@type":"WebSite","@id":"https:\/\/bakh.de\/wdp\/#website","url":"https:\/\/bakh.de\/wdp\/","name":"B\u00fcrgeraktion Korber H\u00f6he e. V.","description":"","publisher":{"@id":"https:\/\/bakh.de\/wdp\/#organization"},"potentialAction":[{"@type":"SearchAction","target":{"@type":"EntryPoint","urlTemplate":"https:\/\/bakh.de\/wdp\/?s={search_term_string}"},"query-input":{"@type":"PropertyValueSpecification","valueRequired":true,"valueName":"search_term_string"}}],"inLanguage":"de"},{"@type":"Organization","@id":"https:\/\/bakh.de\/wdp\/#organization","name":"B\u00fcrgeraktion Korber H\u00f6he e. V.","url":"https:\/\/bakh.de\/wdp\/","logo":{"@type":"ImageObject","inLanguage":"de","@id":"https:\/\/bakh.de\/wdp\/#\/schema\/logo\/image\/","url":"https:\/\/bakh.de\/wdp\/wp-content\/uploads\/2025\/11\/BAKH_Logo_4c_512.jpg","contentUrl":"https:\/\/bakh.de\/wdp\/wp-content\/uploads\/2025\/11\/BAKH_Logo_4c_512.jpg","width":516,"height":518,"caption":"B\u00fcrgeraktion Korber H\u00f6he e. V."},"image":{"@id":"https:\/\/bakh.de\/wdp\/#\/schema\/logo\/image\/"}},{"@type":"Person","@id":"https:\/\/bakh.de\/wdp\/#\/schema\/person\/75a1e296c1c53d3fbbc0a3c6104f6370","name":"Uli","image":{"@type":"ImageObject","inLanguage":"de","@id":"https:\/\/secure.gravatar.com\/avatar\/3b55f09e3908cc7190694de428627f99ad7fb1fd6ca4aa1f5a2c94110a7a2967?s=96&d=mm&r=g","url":"https:\/\/secure.gravatar.com\/avatar\/3b55f09e3908cc7190694de428627f99ad7fb1fd6ca4aa1f5a2c94110a7a2967?s=96&d=mm&r=g","contentUrl":"https:\/\/secure.gravatar.com\/avatar\/3b55f09e3908cc7190694de428627f99ad7fb1fd6ca4aa1f5a2c94110a7a2967?s=96&d=mm&r=g","caption":"Uli"},"url":"https:\/\/bakh.de\/wdp\/author\/uli\/"}]}},"_links":{"self":[{"href":"https:\/\/bakh.de\/wdp\/wp-json\/wp\/v2\/posts\/1205","targetHints":{"allow":["GET"]}}],"collection":[{"href":"https:\/\/bakh.de\/wdp\/wp-json\/wp\/v2\/posts"}],"about":[{"href":"https:\/\/bakh.de\/wdp\/wp-json\/wp\/v2\/types\/post"}],"author":[{"embeddable":true,"href":"https:\/\/bakh.de\/wdp\/wp-json\/wp\/v2\/users\/3"}],"replies":[{"embeddable":true,"href":"https:\/\/bakh.de\/wdp\/wp-json\/wp\/v2\/comments?post=1205"}],"version-history":[{"count":17,"href":"https:\/\/bakh.de\/wdp\/wp-json\/wp\/v2\/posts\/1205\/revisions"}],"predecessor-version":[{"id":2024,"href":"https:\/\/bakh.de\/wdp\/wp-json\/wp\/v2\/posts\/1205\/revisions\/2024"}],"wp:attachment":[{"href":"https:\/\/bakh.de\/wdp\/wp-json\/wp\/v2\/media?parent=1205"}],"wp:term":[{"taxonomy":"category","embeddable":true,"href":"https:\/\/bakh.de\/wdp\/wp-json\/wp\/v2\/categories?post=1205"},{"taxonomy":"post_tag","embeddable":true,"href":"https:\/\/bakh.de\/wdp\/wp-json\/wp\/v2\/tags?post=1205"}],"curies":[{"name":"wp","href":"https:\/\/api.w.org\/{rel}","templated":true}]}}