{"id":1066,"date":"2013-02-04T11:19:03","date_gmt":"2013-02-04T11:19:03","guid":{"rendered":"http:\/\/bakh.de\/wdp\/?p=1066"},"modified":"2018-03-10T16:08:17","modified_gmt":"2018-03-10T16:08:17","slug":"vorstellung-kinderhaus-im-gemeinderat","status":"publish","type":"post","link":"https:\/\/bakh.de\/wdp\/vorstellung-kinderhaus-im-gemeinderat\/","title":{"rendered":"Vorstellung Kinderhaus im Gemeinderat"},"content":{"rendered":"<p>In der Gemeinderatssitzung am Donnertag, 31.01.2013, wurde das Thema &#8222;Neue Kindertageseinrichtung auf der Korber H\u00f6he&#8220; vorgestellt und diskutiert. Die Entscheidung \u00fcber den Bau soll in der Gemeinderatssitzung am 14.03.2013 fallen.<!--more--><\/p>\n<p>&nbsp;<\/p>\n<p>&nbsp;<\/p>\n<p>Erster B\u00fcrgermeister Martin Staab stellte zun\u00e4chst Angebot und Bedarf in der Stadt Waiblingen und dem sogenannten Plangebiet &#8222;Korber H\u00f6he, S\u00fcdliche Korber Stra\u00dfe und Galgenberg&#8220; dar. Kennzeichnend f\u00fcr das Plangebiet sei eine deutlich geringere Ausbauquote als in der Gesamtstadt. Bei den unter 3 J\u00e4hrigen (U3) liegt die Quote momentan bei lediglich 34%. Die Kinderg\u00e4rten seien bereits zu Jahresbeginn ausgelastet. Bei Anmeldungen mussten bereits Kinder verwiesen werden.<\/p>\n<p>Um der steigenden Nachfrage nach besonderen Betreuungsformen, wie ganztags Betreuung und Pl\u00e4tze f\u00fcr unter 3 J\u00e4hrige, gerecht zu werden, soll deshalb durch einen privaten Tr\u00e4ger auf der Korber H\u00f6he ein Kindertagesst\u00e4tte mit 30 Pl\u00e4tzen f\u00fcr die Ganztagesbetreuung und 3 Kleinkindergruppen mit jeweils 10 Pl\u00e4tzen in Ganztagesbetreuung gebaut werden.<\/p>\n<p>Waltraud Weegmann (Gesch\u00e4ftsf\u00fchrende Gesellschafterin)&nbsp; vom <a href=\"http:\/\/www.konzept-e.de\/ge\/konzept-e\/unternehmen\/unternehmensphilosophie.php\" target=\"_blank\" rel=\"noopener\">Konzept-e Netzwerk<\/a>, das aus verschiedene Firmen und Einrichtungen zur Kinderbetreuung besteht, stellte anschlie\u00dfend ihr Unternehmen und den geplanten Bau vor. Konzept-e betreibt als privater Tr\u00e4ger mit Hauptsitz in Stuttgart 14 betriebsnahe Kinderg\u00e4rten und 16 <a href=\"http:\/\/www.konzept-e.de\/ge\/kinderhaeuser\/baercheninsel\/index.php\" target=\"_blank\" rel=\"noopener\">Kinderh\u00e4user<\/a>.<img decoding=\"async\" title=\"Weiterlesen \u2026\" src=\"http:\/\/bakh.de\/wdp\/wp-includes\/js\/tinymce\/plugins\/wordpress\/img\/trans.gif\" alt=\"\"><\/p>\n<p>Carola Kammerlander (P\u00e4dagogische Gesch\u00e4ftsf\u00fchrung)&nbsp; pr\u00e4sentierte das <a href=\"http:\/\/www.konzept-e.de\/ge\/element-i\/konzept\/konzept.php\" target=\"_blank\" rel=\"noopener\">p\u00e4dagogische Konzept<\/a> unter dem Leitsatz &#8222;Menschen bilden sich ganz individuell in der Auseinandersetzung mit einer f\u00fcr sie interessanten Umgebung und in Interaktion mit Anderen.&#8220;<\/p>\n<p>In der anschlie\u00dfenden Fragerunde best\u00e4tigte Frau Kammerlander, dass bevorzugt Kinder aus dem Plangebiet und der Stadt Waiblingen aufgenommen w\u00fcrden. Die Geb\u00fchren orientieren sich am in Waiblingen \u00fcblichen Rahmen, liegen aber mit ca. 300\u20ac im oberen Bereich.<\/p>\n<p>Die Gemeinder\u00e4te zeigten sich durch die Pr\u00e4sentationen gut informiert. Eine Entscheidung soll in der Gemeinderatssitzung am 14.03.2013 fallen. Mit dem Bau k\u00f6nnte dann bereits im Sommer diesen Jahres begonnen werden.<\/p>\n","protected":false},"excerpt":{"rendered":"<p>In der Gemeinderatssitzung am Donnertag, 31.01.2013, wurde das Thema &#8222;Neue Kindertageseinrichtung auf der Korber H\u00f6he&#8220; vorgestellt und diskutiert. Die Entscheidung \u00fcber den Bau soll in der Gemeinderatssitzung am 14.03.2013 fallen.<\/p>\n","protected":false},"author":3,"featured_media":0,"comment_status":"closed","ping_status":"closed","sticky":false,"template":"","format":"standard","meta":{"ngg_post_thumbnail":0,"footnotes":""},"categories":[12],"tags":[],"class_list":["post-1066","post","type-post","status-publish","format-standard","hentry","category-kindertagesstatte"],"yoast_head":"<!-- This site is optimized with the Yoast SEO plugin v27.5 - https:\/\/yoast.com\/product\/yoast-seo-wordpress\/ -->\n<title>Vorstellung Kinderhaus im Gemeinderat - B\u00fcrgeraktion Korber H\u00f6he e. V.<\/title>\n<meta name=\"robots\" content=\"index, follow, max-snippet:-1, max-image-preview:large, max-video-preview:-1\" \/>\n<link rel=\"canonical\" href=\"https:\/\/bakh.de\/wdp\/vorstellung-kinderhaus-im-gemeinderat\/\" \/>\n<meta property=\"og:locale\" content=\"de_DE\" \/>\n<meta property=\"og:type\" content=\"article\" \/>\n<meta property=\"og:title\" content=\"Vorstellung Kinderhaus im Gemeinderat - B\u00fcrgeraktion Korber H\u00f6he e. V.\" \/>\n<meta property=\"og:description\" content=\"In der Gemeinderatssitzung am Donnertag, 31.01.2013, wurde das Thema &#8222;Neue Kindertageseinrichtung auf der Korber H\u00f6he&#8220; vorgestellt und diskutiert. Die Entscheidung \u00fcber den Bau soll in der Gemeinderatssitzung am 14.03.2013 fallen.\" \/>\n<meta property=\"og:url\" content=\"https:\/\/bakh.de\/wdp\/vorstellung-kinderhaus-im-gemeinderat\/\" \/>\n<meta property=\"og:site_name\" content=\"B\u00fcrgeraktion Korber H\u00f6he e. V.\" \/>\n<meta property=\"article:published_time\" content=\"2013-02-04T11:19:03+00:00\" \/>\n<meta property=\"article:modified_time\" content=\"2018-03-10T16:08:17+00:00\" \/>\n<meta property=\"og:image\" content=\"http:\/\/bakh.de\/wdp\/wp-includes\/js\/tinymce\/plugins\/wordpress\/img\/trans.gif\" \/>\n<meta name=\"author\" content=\"Uli\" \/>\n<meta name=\"twitter:card\" content=\"summary_large_image\" \/>\n<meta name=\"twitter:label1\" content=\"Verfasst von\" \/>\n\t<meta name=\"twitter:data1\" content=\"Uli\" \/>\n\t<meta name=\"twitter:label2\" content=\"Gesch\u00e4tzte Lesezeit\" \/>\n\t<meta name=\"twitter:data2\" content=\"2\u00a0Minuten\" \/>\n<script type=\"application\/ld+json\" class=\"yoast-schema-graph\">{\"@context\":\"https:\\\/\\\/schema.org\",\"@graph\":[{\"@type\":\"Article\",\"@id\":\"https:\\\/\\\/bakh.de\\\/wdp\\\/vorstellung-kinderhaus-im-gemeinderat\\\/#article\",\"isPartOf\":{\"@id\":\"https:\\\/\\\/bakh.de\\\/wdp\\\/vorstellung-kinderhaus-im-gemeinderat\\\/\"},\"author\":{\"name\":\"Uli\",\"@id\":\"https:\\\/\\\/bakh.de\\\/wdp\\\/#\\\/schema\\\/person\\\/75a1e296c1c53d3fbbc0a3c6104f6370\"},\"headline\":\"Vorstellung Kinderhaus im Gemeinderat\",\"datePublished\":\"2013-02-04T11:19:03+00:00\",\"dateModified\":\"2018-03-10T16:08:17+00:00\",\"mainEntityOfPage\":{\"@id\":\"https:\\\/\\\/bakh.de\\\/wdp\\\/vorstellung-kinderhaus-im-gemeinderat\\\/\"},\"wordCount\":312,\"publisher\":{\"@id\":\"https:\\\/\\\/bakh.de\\\/wdp\\\/#organization\"},\"image\":{\"@id\":\"https:\\\/\\\/bakh.de\\\/wdp\\\/vorstellung-kinderhaus-im-gemeinderat\\\/#primaryimage\"},\"thumbnailUrl\":\"http:\\\/\\\/bakh.de\\\/wdp\\\/wp-includes\\\/js\\\/tinymce\\\/plugins\\\/wordpress\\\/img\\\/trans.gif\",\"articleSection\":[\"Kindertagesst\u00e4tte\"],\"inLanguage\":\"de\"},{\"@type\":\"WebPage\",\"@id\":\"https:\\\/\\\/bakh.de\\\/wdp\\\/vorstellung-kinderhaus-im-gemeinderat\\\/\",\"url\":\"https:\\\/\\\/bakh.de\\\/wdp\\\/vorstellung-kinderhaus-im-gemeinderat\\\/\",\"name\":\"Vorstellung Kinderhaus im Gemeinderat - B\u00fcrgeraktion Korber H\u00f6he e. V.\",\"isPartOf\":{\"@id\":\"https:\\\/\\\/bakh.de\\\/wdp\\\/#website\"},\"primaryImageOfPage\":{\"@id\":\"https:\\\/\\\/bakh.de\\\/wdp\\\/vorstellung-kinderhaus-im-gemeinderat\\\/#primaryimage\"},\"image\":{\"@id\":\"https:\\\/\\\/bakh.de\\\/wdp\\\/vorstellung-kinderhaus-im-gemeinderat\\\/#primaryimage\"},\"thumbnailUrl\":\"http:\\\/\\\/bakh.de\\\/wdp\\\/wp-includes\\\/js\\\/tinymce\\\/plugins\\\/wordpress\\\/img\\\/trans.gif\",\"datePublished\":\"2013-02-04T11:19:03+00:00\",\"dateModified\":\"2018-03-10T16:08:17+00:00\",\"breadcrumb\":{\"@id\":\"https:\\\/\\\/bakh.de\\\/wdp\\\/vorstellung-kinderhaus-im-gemeinderat\\\/#breadcrumb\"},\"inLanguage\":\"de\",\"potentialAction\":[{\"@type\":\"ReadAction\",\"target\":[\"https:\\\/\\\/bakh.de\\\/wdp\\\/vorstellung-kinderhaus-im-gemeinderat\\\/\"]}]},{\"@type\":\"ImageObject\",\"inLanguage\":\"de\",\"@id\":\"https:\\\/\\\/bakh.de\\\/wdp\\\/vorstellung-kinderhaus-im-gemeinderat\\\/#primaryimage\",\"url\":\"http:\\\/\\\/bakh.de\\\/wdp\\\/wp-includes\\\/js\\\/tinymce\\\/plugins\\\/wordpress\\\/img\\\/trans.gif\",\"contentUrl\":\"http:\\\/\\\/bakh.de\\\/wdp\\\/wp-includes\\\/js\\\/tinymce\\\/plugins\\\/wordpress\\\/img\\\/trans.gif\"},{\"@type\":\"BreadcrumbList\",\"@id\":\"https:\\\/\\\/bakh.de\\\/wdp\\\/vorstellung-kinderhaus-im-gemeinderat\\\/#breadcrumb\",\"itemListElement\":[{\"@type\":\"ListItem\",\"position\":1,\"name\":\"Startseite\",\"item\":\"https:\\\/\\\/bakh.de\\\/wdp\\\/\"},{\"@type\":\"ListItem\",\"position\":2,\"name\":\"Vorstellung Kinderhaus im Gemeinderat\"}]},{\"@type\":\"WebSite\",\"@id\":\"https:\\\/\\\/bakh.de\\\/wdp\\\/#website\",\"url\":\"https:\\\/\\\/bakh.de\\\/wdp\\\/\",\"name\":\"B\u00fcrgeraktion Korber H\u00f6he e. V.\",\"description\":\"\",\"publisher\":{\"@id\":\"https:\\\/\\\/bakh.de\\\/wdp\\\/#organization\"},\"potentialAction\":[{\"@type\":\"SearchAction\",\"target\":{\"@type\":\"EntryPoint\",\"urlTemplate\":\"https:\\\/\\\/bakh.de\\\/wdp\\\/?s={search_term_string}\"},\"query-input\":{\"@type\":\"PropertyValueSpecification\",\"valueRequired\":true,\"valueName\":\"search_term_string\"}}],\"inLanguage\":\"de\"},{\"@type\":\"Organization\",\"@id\":\"https:\\\/\\\/bakh.de\\\/wdp\\\/#organization\",\"name\":\"B\u00fcrgeraktion Korber H\u00f6he e. V.\",\"url\":\"https:\\\/\\\/bakh.de\\\/wdp\\\/\",\"logo\":{\"@type\":\"ImageObject\",\"inLanguage\":\"de\",\"@id\":\"https:\\\/\\\/bakh.de\\\/wdp\\\/#\\\/schema\\\/logo\\\/image\\\/\",\"url\":\"https:\\\/\\\/bakh.de\\\/wdp\\\/wp-content\\\/uploads\\\/2025\\\/11\\\/BAKH_Logo_4c_512.jpg\",\"contentUrl\":\"https:\\\/\\\/bakh.de\\\/wdp\\\/wp-content\\\/uploads\\\/2025\\\/11\\\/BAKH_Logo_4c_512.jpg\",\"width\":516,\"height\":518,\"caption\":\"B\u00fcrgeraktion Korber H\u00f6he e. V.\"},\"image\":{\"@id\":\"https:\\\/\\\/bakh.de\\\/wdp\\\/#\\\/schema\\\/logo\\\/image\\\/\"}},{\"@type\":\"Person\",\"@id\":\"https:\\\/\\\/bakh.de\\\/wdp\\\/#\\\/schema\\\/person\\\/75a1e296c1c53d3fbbc0a3c6104f6370\",\"name\":\"Uli\",\"image\":{\"@type\":\"ImageObject\",\"inLanguage\":\"de\",\"@id\":\"https:\\\/\\\/secure.gravatar.com\\\/avatar\\\/3b55f09e3908cc7190694de428627f99ad7fb1fd6ca4aa1f5a2c94110a7a2967?s=96&d=mm&r=g\",\"url\":\"https:\\\/\\\/secure.gravatar.com\\\/avatar\\\/3b55f09e3908cc7190694de428627f99ad7fb1fd6ca4aa1f5a2c94110a7a2967?s=96&d=mm&r=g\",\"contentUrl\":\"https:\\\/\\\/secure.gravatar.com\\\/avatar\\\/3b55f09e3908cc7190694de428627f99ad7fb1fd6ca4aa1f5a2c94110a7a2967?s=96&d=mm&r=g\",\"caption\":\"Uli\"},\"url\":\"https:\\\/\\\/bakh.de\\\/wdp\\\/author\\\/uli\\\/\"}]}<\/script>\n<!-- \/ Yoast SEO plugin. -->","yoast_head_json":{"title":"Vorstellung Kinderhaus im Gemeinderat - B\u00fcrgeraktion Korber H\u00f6he e. V.","robots":{"index":"index","follow":"follow","max-snippet":"max-snippet:-1","max-image-preview":"max-image-preview:large","max-video-preview":"max-video-preview:-1"},"canonical":"https:\/\/bakh.de\/wdp\/vorstellung-kinderhaus-im-gemeinderat\/","og_locale":"de_DE","og_type":"article","og_title":"Vorstellung Kinderhaus im Gemeinderat - B\u00fcrgeraktion Korber H\u00f6he e. V.","og_description":"In der Gemeinderatssitzung am Donnertag, 31.01.2013, wurde das Thema &#8222;Neue Kindertageseinrichtung auf der Korber H\u00f6he&#8220; vorgestellt und diskutiert. Die Entscheidung \u00fcber den Bau soll in der Gemeinderatssitzung am 14.03.2013 fallen.","og_url":"https:\/\/bakh.de\/wdp\/vorstellung-kinderhaus-im-gemeinderat\/","og_site_name":"B\u00fcrgeraktion Korber H\u00f6he e. V.","article_published_time":"2013-02-04T11:19:03+00:00","article_modified_time":"2018-03-10T16:08:17+00:00","og_image":[{"url":"http:\/\/bakh.de\/wdp\/wp-includes\/js\/tinymce\/plugins\/wordpress\/img\/trans.gif","type":"","width":"","height":""}],"author":"Uli","twitter_card":"summary_large_image","twitter_misc":{"Verfasst von":"Uli","Gesch\u00e4tzte Lesezeit":"2\u00a0Minuten"},"schema":{"@context":"https:\/\/schema.org","@graph":[{"@type":"Article","@id":"https:\/\/bakh.de\/wdp\/vorstellung-kinderhaus-im-gemeinderat\/#article","isPartOf":{"@id":"https:\/\/bakh.de\/wdp\/vorstellung-kinderhaus-im-gemeinderat\/"},"author":{"name":"Uli","@id":"https:\/\/bakh.de\/wdp\/#\/schema\/person\/75a1e296c1c53d3fbbc0a3c6104f6370"},"headline":"Vorstellung Kinderhaus im Gemeinderat","datePublished":"2013-02-04T11:19:03+00:00","dateModified":"2018-03-10T16:08:17+00:00","mainEntityOfPage":{"@id":"https:\/\/bakh.de\/wdp\/vorstellung-kinderhaus-im-gemeinderat\/"},"wordCount":312,"publisher":{"@id":"https:\/\/bakh.de\/wdp\/#organization"},"image":{"@id":"https:\/\/bakh.de\/wdp\/vorstellung-kinderhaus-im-gemeinderat\/#primaryimage"},"thumbnailUrl":"http:\/\/bakh.de\/wdp\/wp-includes\/js\/tinymce\/plugins\/wordpress\/img\/trans.gif","articleSection":["Kindertagesst\u00e4tte"],"inLanguage":"de"},{"@type":"WebPage","@id":"https:\/\/bakh.de\/wdp\/vorstellung-kinderhaus-im-gemeinderat\/","url":"https:\/\/bakh.de\/wdp\/vorstellung-kinderhaus-im-gemeinderat\/","name":"Vorstellung Kinderhaus im Gemeinderat - B\u00fcrgeraktion Korber H\u00f6he e. V.","isPartOf":{"@id":"https:\/\/bakh.de\/wdp\/#website"},"primaryImageOfPage":{"@id":"https:\/\/bakh.de\/wdp\/vorstellung-kinderhaus-im-gemeinderat\/#primaryimage"},"image":{"@id":"https:\/\/bakh.de\/wdp\/vorstellung-kinderhaus-im-gemeinderat\/#primaryimage"},"thumbnailUrl":"http:\/\/bakh.de\/wdp\/wp-includes\/js\/tinymce\/plugins\/wordpress\/img\/trans.gif","datePublished":"2013-02-04T11:19:03+00:00","dateModified":"2018-03-10T16:08:17+00:00","breadcrumb":{"@id":"https:\/\/bakh.de\/wdp\/vorstellung-kinderhaus-im-gemeinderat\/#breadcrumb"},"inLanguage":"de","potentialAction":[{"@type":"ReadAction","target":["https:\/\/bakh.de\/wdp\/vorstellung-kinderhaus-im-gemeinderat\/"]}]},{"@type":"ImageObject","inLanguage":"de","@id":"https:\/\/bakh.de\/wdp\/vorstellung-kinderhaus-im-gemeinderat\/#primaryimage","url":"http:\/\/bakh.de\/wdp\/wp-includes\/js\/tinymce\/plugins\/wordpress\/img\/trans.gif","contentUrl":"http:\/\/bakh.de\/wdp\/wp-includes\/js\/tinymce\/plugins\/wordpress\/img\/trans.gif"},{"@type":"BreadcrumbList","@id":"https:\/\/bakh.de\/wdp\/vorstellung-kinderhaus-im-gemeinderat\/#breadcrumb","itemListElement":[{"@type":"ListItem","position":1,"name":"Startseite","item":"https:\/\/bakh.de\/wdp\/"},{"@type":"ListItem","position":2,"name":"Vorstellung Kinderhaus im Gemeinderat"}]},{"@type":"WebSite","@id":"https:\/\/bakh.de\/wdp\/#website","url":"https:\/\/bakh.de\/wdp\/","name":"B\u00fcrgeraktion Korber H\u00f6he e. V.","description":"","publisher":{"@id":"https:\/\/bakh.de\/wdp\/#organization"},"potentialAction":[{"@type":"SearchAction","target":{"@type":"EntryPoint","urlTemplate":"https:\/\/bakh.de\/wdp\/?s={search_term_string}"},"query-input":{"@type":"PropertyValueSpecification","valueRequired":true,"valueName":"search_term_string"}}],"inLanguage":"de"},{"@type":"Organization","@id":"https:\/\/bakh.de\/wdp\/#organization","name":"B\u00fcrgeraktion Korber H\u00f6he e. V.","url":"https:\/\/bakh.de\/wdp\/","logo":{"@type":"ImageObject","inLanguage":"de","@id":"https:\/\/bakh.de\/wdp\/#\/schema\/logo\/image\/","url":"https:\/\/bakh.de\/wdp\/wp-content\/uploads\/2025\/11\/BAKH_Logo_4c_512.jpg","contentUrl":"https:\/\/bakh.de\/wdp\/wp-content\/uploads\/2025\/11\/BAKH_Logo_4c_512.jpg","width":516,"height":518,"caption":"B\u00fcrgeraktion Korber H\u00f6he e. V."},"image":{"@id":"https:\/\/bakh.de\/wdp\/#\/schema\/logo\/image\/"}},{"@type":"Person","@id":"https:\/\/bakh.de\/wdp\/#\/schema\/person\/75a1e296c1c53d3fbbc0a3c6104f6370","name":"Uli","image":{"@type":"ImageObject","inLanguage":"de","@id":"https:\/\/secure.gravatar.com\/avatar\/3b55f09e3908cc7190694de428627f99ad7fb1fd6ca4aa1f5a2c94110a7a2967?s=96&d=mm&r=g","url":"https:\/\/secure.gravatar.com\/avatar\/3b55f09e3908cc7190694de428627f99ad7fb1fd6ca4aa1f5a2c94110a7a2967?s=96&d=mm&r=g","contentUrl":"https:\/\/secure.gravatar.com\/avatar\/3b55f09e3908cc7190694de428627f99ad7fb1fd6ca4aa1f5a2c94110a7a2967?s=96&d=mm&r=g","caption":"Uli"},"url":"https:\/\/bakh.de\/wdp\/author\/uli\/"}]}},"_links":{"self":[{"href":"https:\/\/bakh.de\/wdp\/wp-json\/wp\/v2\/posts\/1066","targetHints":{"allow":["GET"]}}],"collection":[{"href":"https:\/\/bakh.de\/wdp\/wp-json\/wp\/v2\/posts"}],"about":[{"href":"https:\/\/bakh.de\/wdp\/wp-json\/wp\/v2\/types\/post"}],"author":[{"embeddable":true,"href":"https:\/\/bakh.de\/wdp\/wp-json\/wp\/v2\/users\/3"}],"replies":[{"embeddable":true,"href":"https:\/\/bakh.de\/wdp\/wp-json\/wp\/v2\/comments?post=1066"}],"version-history":[{"count":33,"href":"https:\/\/bakh.de\/wdp\/wp-json\/wp\/v2\/posts\/1066\/revisions"}],"predecessor-version":[{"id":3924,"href":"https:\/\/bakh.de\/wdp\/wp-json\/wp\/v2\/posts\/1066\/revisions\/3924"}],"wp:attachment":[{"href":"https:\/\/bakh.de\/wdp\/wp-json\/wp\/v2\/media?parent=1066"}],"wp:term":[{"taxonomy":"category","embeddable":true,"href":"https:\/\/bakh.de\/wdp\/wp-json\/wp\/v2\/categories?post=1066"},{"taxonomy":"post_tag","embeddable":true,"href":"https:\/\/bakh.de\/wdp\/wp-json\/wp\/v2\/tags?post=1066"}],"curies":[{"name":"wp","href":"https:\/\/api.w.org\/{rel}","templated":true}]}}