{"id":1042,"date":"2013-02-04T11:00:57","date_gmt":"2013-02-04T11:00:57","guid":{"rendered":"http:\/\/bakh.de\/wdp\/?p=1042"},"modified":"2018-03-10T16:00:35","modified_gmt":"2018-03-10T16:00:35","slug":"mitgliederversammlung-2013","status":"publish","type":"post","link":"https:\/\/bakh.de\/wdp\/mitgliederversammlung-2013\/","title":{"rendered":"Mitgliederversammlung 2013"},"content":{"rendered":"<p><img loading=\"lazy\" decoding=\"async\" class=\"ngg-singlepic ngg-left alignleft\" src=\"http:\/\/bakh.de\/wdp\/wp-content\/gallery\/mitgliederversammlung-2013\/k-anneliese_img_1297.jpg\" alt=\"\" width=\"151\" height=\"113\"><\/p>\n<p>&nbsp;<\/p>\n<p>Am Mittwoch, 30. Januar 2013, kamen \u00fcber 30 Mitglieder zur diesj\u00e4hrigen Mitgliederversammlung im Korber-H\u00f6he-Treff zusammen. Anneliese Malle wurde f\u00fcr ihr langj\u00e4hriges Engagement als 2. Vorsitzende geehrt. Als neuer 2. Vorsitzender wurde Jochen Lohr gew\u00e4hlt.<!--more--><\/p>\n<p>&nbsp;<\/p>\n<p>&nbsp;<\/p>\n<p>Anneliese Malle ist seit den 70-iger Jahren Mitglied der B\u00fcrgeraktion. Sie war von 1986 bis 1990 1. Vorsitzende und seit 1995 18 Jahre lang 2. Vorsitzende. Das Zusammenleben auf der Korber H\u00f6he lag ihr immer sehr am Herzen, sie engagierte sich im Arbeitskreis soziale Integration, der Aktion Saubere Stadt und organisierte die j\u00e4hrliche Korber-H\u00f6he-Putzete. Winfried Koch dankte ihr f\u00fcr ihr gro\u00dfes Engagement und die gute Zusammenarbeit.<\/p>\n<p>Mit einem Blumenstrau\u00df wurde Sabine Raetzel f\u00fcr das <a title=\"Sabine Raetzel erh\u00e4lt Bundesverdienstkreuz\" href=\"http:\/\/bakh.de\/wdp\/?p=952\">Bundesverdienstkreuz<\/a>, das sie f\u00fcr ihr b\u00fcrgerschaftliches Engagement erhalten hatte, geehrt. In ihrer Dankesrede hob sie hervor, dass sie das Bundesverdienstkreuz auch der B\u00fcrgeraktion Korber H\u00f6he verdanken w\u00fcrde.<\/p>\n<p>Breiten Raum nahm die Diskussion um das geplante Kinderhaus an der Bajastra\u00dfe ein. Die Mitgliederversammlung begr\u00fc\u00dfte das zus\u00e4tzliche Angebot bei der Kinderbetreuung im Stadtteil, auch wenn sie sich eine fr\u00fchere Information durch die Stadtverwaltung gew\u00fcnscht h\u00e4tte. Winfried Koch berichtete von einem Gespr\u00e4ch mit B\u00fcrgermeister Martin Staab, der aus diesem Anlass eine gemeinsame Diskussion \u00fcber die Entwicklung des Stadtteils Korber H\u00f6he angeregt hatte.<\/p>\n<p>Zu Beginn der Versammlung hielt Pfarrerin Bohnet von der ev. Kirchengemeinde ein kurzes Gru\u00dfwort und lobte die gute Zusammenarbeit auf der Korber H\u00f6he.<\/p>\n<p>In seinem R\u00fcckblick berichtete Vorstand Winfried Koch von den Veranstaltungen im Jahr 2012.<\/p>\n<p>Im M\u00e4rz fand die allj\u00e4hrliche Putzete statt, es waren nur wenige Teilnehmer, die M\u00fcllmenge hat sich verringert. Im Juli wurde eine Hocketse am Galgenberger <a title=\"Viel Spa\u00df an der Bewegung\" href=\"http:\/\/bakh.de\/wdp\/?p=758\">Fitness-Parcour<\/a> veranstaltet. Unter Anleitung der Sportabzeichengruppe konnte ein Fitness-Test absolviert werden. Im September fand auf dem <a title=\"Jugendfarm soll auf den Finkenberg\" href=\"http:\/\/bakh.de\/wdp\/?p=878\">Finkenberg<\/a> eine Informationsveranstaltung statt. Auf dem Gel\u00e4nde soll eine Jugendfarm eingerichtet werden, sobald das Landratsamt der Umwidmung zugestimmt hat. Winfried Koch betont, dass die B\u00fcrgeraktion die Einrichtung einer Jugendfarm begr\u00fc\u00dft, die Initiative l\u00e4ge jetzt beim Jugendhaus-Verein. Ende November fand das j\u00e4hrliche Schachturnier statt.<br \/>\nTrotzt Unterst\u00fctzung des OBs und der Gemeinderatsfraktionen konnte an der B14 kein Tempolimit zur L\u00e4rmreduzierung erreicht werden. Es sollen Polyscanner zur <a title=\"Geschwindigkeitskontrollen an der B14 geplant\" href=\"http:\/\/bakh.de\/wdp\/?p=971\">Geschwindigkeitskontrolle<\/a> installiert werden.<\/p>\n<p>Als Nachfolger von Anneliese Malle wurde Jochen Lohr f\u00fcr 2 Jahre als zweiter Vorsitzender gew\u00e4hlt. Neu in den Hauptausschuss gew\u00e4hlt wurde Klaus Bulling. Annett Oviedo, Sabahat Almis, Claudia R\u00e4der und Ulrich Bayha wurden wieder gew\u00e4hlt. Ulrich Bayha bleibt Kassenwart, Annett Oviedo Schriftf\u00fchrerin.<\/p>\nngg_shortcode_0_placeholder\n","protected":false},"excerpt":{"rendered":"<p>&nbsp; Am Mittwoch, 30. Januar 2013, kamen \u00fcber 30 Mitglieder zur diesj\u00e4hrigen Mitgliederversammlung im Korber-H\u00f6he-Treff zusammen. Anneliese Malle wurde f\u00fcr ihr langj\u00e4hriges Engagement als 2. Vorsitzende geehrt. Als neuer 2. Vorsitzender wurde Jochen Lohr gew\u00e4hlt.<\/p>\n","protected":false},"author":3,"featured_media":0,"comment_status":"closed","ping_status":"closed","sticky":false,"template":"","format":"standard","meta":{"ngg_post_thumbnail":0,"footnotes":""},"categories":[19],"tags":[],"class_list":["post-1042","post","type-post","status-publish","format-standard","hentry","category-mv"],"yoast_head":"<!-- This site is optimized with the Yoast SEO plugin v27.5 - https:\/\/yoast.com\/product\/yoast-seo-wordpress\/ -->\n<title>Mitgliederversammlung 2013 - B\u00fcrgeraktion Korber H\u00f6he e. V.<\/title>\n<meta name=\"robots\" content=\"index, follow, max-snippet:-1, max-image-preview:large, max-video-preview:-1\" \/>\n<link rel=\"canonical\" href=\"https:\/\/bakh.de\/wdp\/mitgliederversammlung-2013\/\" \/>\n<meta property=\"og:locale\" content=\"de_DE\" \/>\n<meta property=\"og:type\" content=\"article\" \/>\n<meta property=\"og:title\" content=\"Mitgliederversammlung 2013 - B\u00fcrgeraktion Korber H\u00f6he e. V.\" \/>\n<meta property=\"og:description\" content=\"&nbsp; Am Mittwoch, 30. Januar 2013, kamen \u00fcber 30 Mitglieder zur diesj\u00e4hrigen Mitgliederversammlung im Korber-H\u00f6he-Treff zusammen. Anneliese Malle wurde f\u00fcr ihr langj\u00e4hriges Engagement als 2. Vorsitzende geehrt. Als neuer 2. Vorsitzender wurde Jochen Lohr gew\u00e4hlt.\" \/>\n<meta property=\"og:url\" content=\"https:\/\/bakh.de\/wdp\/mitgliederversammlung-2013\/\" \/>\n<meta property=\"og:site_name\" content=\"B\u00fcrgeraktion Korber H\u00f6he e. V.\" \/>\n<meta property=\"article:published_time\" content=\"2013-02-04T11:00:57+00:00\" \/>\n<meta property=\"article:modified_time\" content=\"2018-03-10T16:00:35+00:00\" \/>\n<meta property=\"og:image\" content=\"http:\/\/bakh.de\/wdp\/wp-content\/gallery\/mitgliederversammlung-2013\/k-anneliese_img_1297.jpg\" \/>\n<meta name=\"author\" content=\"Uli\" \/>\n<meta name=\"twitter:card\" content=\"summary_large_image\" \/>\n<meta name=\"twitter:label1\" content=\"Verfasst von\" \/>\n\t<meta name=\"twitter:data1\" content=\"Uli\" \/>\n\t<meta name=\"twitter:label2\" content=\"Gesch\u00e4tzte Lesezeit\" \/>\n\t<meta name=\"twitter:data2\" content=\"2\u00a0Minuten\" \/>\n<script type=\"application\/ld+json\" class=\"yoast-schema-graph\">{\"@context\":\"https:\\\/\\\/schema.org\",\"@graph\":[{\"@type\":\"Article\",\"@id\":\"https:\\\/\\\/bakh.de\\\/wdp\\\/mitgliederversammlung-2013\\\/#article\",\"isPartOf\":{\"@id\":\"https:\\\/\\\/bakh.de\\\/wdp\\\/mitgliederversammlung-2013\\\/\"},\"author\":{\"name\":\"Uli\",\"@id\":\"https:\\\/\\\/bakh.de\\\/wdp\\\/#\\\/schema\\\/person\\\/75a1e296c1c53d3fbbc0a3c6104f6370\"},\"headline\":\"Mitgliederversammlung 2013\",\"datePublished\":\"2013-02-04T11:00:57+00:00\",\"dateModified\":\"2018-03-10T16:00:35+00:00\",\"mainEntityOfPage\":{\"@id\":\"https:\\\/\\\/bakh.de\\\/wdp\\\/mitgliederversammlung-2013\\\/\"},\"wordCount\":420,\"publisher\":{\"@id\":\"https:\\\/\\\/bakh.de\\\/wdp\\\/#organization\"},\"image\":{\"@id\":\"https:\\\/\\\/bakh.de\\\/wdp\\\/mitgliederversammlung-2013\\\/#primaryimage\"},\"thumbnailUrl\":\"http:\\\/\\\/bakh.de\\\/wdp\\\/wp-content\\\/gallery\\\/mitgliederversammlung-2013\\\/k-anneliese_img_1297.jpg\",\"articleSection\":[\"Fr\u00fchere Mitgliederversammlungen\"],\"inLanguage\":\"de\"},{\"@type\":\"WebPage\",\"@id\":\"https:\\\/\\\/bakh.de\\\/wdp\\\/mitgliederversammlung-2013\\\/\",\"url\":\"https:\\\/\\\/bakh.de\\\/wdp\\\/mitgliederversammlung-2013\\\/\",\"name\":\"Mitgliederversammlung 2013 - B\u00fcrgeraktion Korber H\u00f6he e. V.\",\"isPartOf\":{\"@id\":\"https:\\\/\\\/bakh.de\\\/wdp\\\/#website\"},\"primaryImageOfPage\":{\"@id\":\"https:\\\/\\\/bakh.de\\\/wdp\\\/mitgliederversammlung-2013\\\/#primaryimage\"},\"image\":{\"@id\":\"https:\\\/\\\/bakh.de\\\/wdp\\\/mitgliederversammlung-2013\\\/#primaryimage\"},\"thumbnailUrl\":\"http:\\\/\\\/bakh.de\\\/wdp\\\/wp-content\\\/gallery\\\/mitgliederversammlung-2013\\\/k-anneliese_img_1297.jpg\",\"datePublished\":\"2013-02-04T11:00:57+00:00\",\"dateModified\":\"2018-03-10T16:00:35+00:00\",\"breadcrumb\":{\"@id\":\"https:\\\/\\\/bakh.de\\\/wdp\\\/mitgliederversammlung-2013\\\/#breadcrumb\"},\"inLanguage\":\"de\",\"potentialAction\":[{\"@type\":\"ReadAction\",\"target\":[\"https:\\\/\\\/bakh.de\\\/wdp\\\/mitgliederversammlung-2013\\\/\"]}]},{\"@type\":\"ImageObject\",\"inLanguage\":\"de\",\"@id\":\"https:\\\/\\\/bakh.de\\\/wdp\\\/mitgliederversammlung-2013\\\/#primaryimage\",\"url\":\"http:\\\/\\\/bakh.de\\\/wdp\\\/wp-content\\\/gallery\\\/mitgliederversammlung-2013\\\/k-anneliese_img_1297.jpg\",\"contentUrl\":\"http:\\\/\\\/bakh.de\\\/wdp\\\/wp-content\\\/gallery\\\/mitgliederversammlung-2013\\\/k-anneliese_img_1297.jpg\"},{\"@type\":\"BreadcrumbList\",\"@id\":\"https:\\\/\\\/bakh.de\\\/wdp\\\/mitgliederversammlung-2013\\\/#breadcrumb\",\"itemListElement\":[{\"@type\":\"ListItem\",\"position\":1,\"name\":\"Startseite\",\"item\":\"https:\\\/\\\/bakh.de\\\/wdp\\\/\"},{\"@type\":\"ListItem\",\"position\":2,\"name\":\"Mitgliederversammlung 2013\"}]},{\"@type\":\"WebSite\",\"@id\":\"https:\\\/\\\/bakh.de\\\/wdp\\\/#website\",\"url\":\"https:\\\/\\\/bakh.de\\\/wdp\\\/\",\"name\":\"B\u00fcrgeraktion Korber H\u00f6he e. V.\",\"description\":\"\",\"publisher\":{\"@id\":\"https:\\\/\\\/bakh.de\\\/wdp\\\/#organization\"},\"potentialAction\":[{\"@type\":\"SearchAction\",\"target\":{\"@type\":\"EntryPoint\",\"urlTemplate\":\"https:\\\/\\\/bakh.de\\\/wdp\\\/?s={search_term_string}\"},\"query-input\":{\"@type\":\"PropertyValueSpecification\",\"valueRequired\":true,\"valueName\":\"search_term_string\"}}],\"inLanguage\":\"de\"},{\"@type\":\"Organization\",\"@id\":\"https:\\\/\\\/bakh.de\\\/wdp\\\/#organization\",\"name\":\"B\u00fcrgeraktion Korber H\u00f6he e. V.\",\"url\":\"https:\\\/\\\/bakh.de\\\/wdp\\\/\",\"logo\":{\"@type\":\"ImageObject\",\"inLanguage\":\"de\",\"@id\":\"https:\\\/\\\/bakh.de\\\/wdp\\\/#\\\/schema\\\/logo\\\/image\\\/\",\"url\":\"https:\\\/\\\/bakh.de\\\/wdp\\\/wp-content\\\/uploads\\\/2025\\\/11\\\/BAKH_Logo_4c_512.jpg\",\"contentUrl\":\"https:\\\/\\\/bakh.de\\\/wdp\\\/wp-content\\\/uploads\\\/2025\\\/11\\\/BAKH_Logo_4c_512.jpg\",\"width\":516,\"height\":518,\"caption\":\"B\u00fcrgeraktion Korber H\u00f6he e. V.\"},\"image\":{\"@id\":\"https:\\\/\\\/bakh.de\\\/wdp\\\/#\\\/schema\\\/logo\\\/image\\\/\"}},{\"@type\":\"Person\",\"@id\":\"https:\\\/\\\/bakh.de\\\/wdp\\\/#\\\/schema\\\/person\\\/75a1e296c1c53d3fbbc0a3c6104f6370\",\"name\":\"Uli\",\"image\":{\"@type\":\"ImageObject\",\"inLanguage\":\"de\",\"@id\":\"https:\\\/\\\/secure.gravatar.com\\\/avatar\\\/3b55f09e3908cc7190694de428627f99ad7fb1fd6ca4aa1f5a2c94110a7a2967?s=96&d=mm&r=g\",\"url\":\"https:\\\/\\\/secure.gravatar.com\\\/avatar\\\/3b55f09e3908cc7190694de428627f99ad7fb1fd6ca4aa1f5a2c94110a7a2967?s=96&d=mm&r=g\",\"contentUrl\":\"https:\\\/\\\/secure.gravatar.com\\\/avatar\\\/3b55f09e3908cc7190694de428627f99ad7fb1fd6ca4aa1f5a2c94110a7a2967?s=96&d=mm&r=g\",\"caption\":\"Uli\"},\"url\":\"https:\\\/\\\/bakh.de\\\/wdp\\\/author\\\/uli\\\/\"}]}<\/script>\n<!-- \/ Yoast SEO plugin. -->","yoast_head_json":{"title":"Mitgliederversammlung 2013 - B\u00fcrgeraktion Korber H\u00f6he e. V.","robots":{"index":"index","follow":"follow","max-snippet":"max-snippet:-1","max-image-preview":"max-image-preview:large","max-video-preview":"max-video-preview:-1"},"canonical":"https:\/\/bakh.de\/wdp\/mitgliederversammlung-2013\/","og_locale":"de_DE","og_type":"article","og_title":"Mitgliederversammlung 2013 - B\u00fcrgeraktion Korber H\u00f6he e. V.","og_description":"&nbsp; Am Mittwoch, 30. Januar 2013, kamen \u00fcber 30 Mitglieder zur diesj\u00e4hrigen Mitgliederversammlung im Korber-H\u00f6he-Treff zusammen. Anneliese Malle wurde f\u00fcr ihr langj\u00e4hriges Engagement als 2. Vorsitzende geehrt. Als neuer 2. Vorsitzender wurde Jochen Lohr gew\u00e4hlt.","og_url":"https:\/\/bakh.de\/wdp\/mitgliederversammlung-2013\/","og_site_name":"B\u00fcrgeraktion Korber H\u00f6he e. V.","article_published_time":"2013-02-04T11:00:57+00:00","article_modified_time":"2018-03-10T16:00:35+00:00","og_image":[{"url":"http:\/\/bakh.de\/wdp\/wp-content\/gallery\/mitgliederversammlung-2013\/k-anneliese_img_1297.jpg","type":"","width":"","height":""}],"author":"Uli","twitter_card":"summary_large_image","twitter_misc":{"Verfasst von":"Uli","Gesch\u00e4tzte Lesezeit":"2\u00a0Minuten"},"schema":{"@context":"https:\/\/schema.org","@graph":[{"@type":"Article","@id":"https:\/\/bakh.de\/wdp\/mitgliederversammlung-2013\/#article","isPartOf":{"@id":"https:\/\/bakh.de\/wdp\/mitgliederversammlung-2013\/"},"author":{"name":"Uli","@id":"https:\/\/bakh.de\/wdp\/#\/schema\/person\/75a1e296c1c53d3fbbc0a3c6104f6370"},"headline":"Mitgliederversammlung 2013","datePublished":"2013-02-04T11:00:57+00:00","dateModified":"2018-03-10T16:00:35+00:00","mainEntityOfPage":{"@id":"https:\/\/bakh.de\/wdp\/mitgliederversammlung-2013\/"},"wordCount":420,"publisher":{"@id":"https:\/\/bakh.de\/wdp\/#organization"},"image":{"@id":"https:\/\/bakh.de\/wdp\/mitgliederversammlung-2013\/#primaryimage"},"thumbnailUrl":"http:\/\/bakh.de\/wdp\/wp-content\/gallery\/mitgliederversammlung-2013\/k-anneliese_img_1297.jpg","articleSection":["Fr\u00fchere Mitgliederversammlungen"],"inLanguage":"de"},{"@type":"WebPage","@id":"https:\/\/bakh.de\/wdp\/mitgliederversammlung-2013\/","url":"https:\/\/bakh.de\/wdp\/mitgliederversammlung-2013\/","name":"Mitgliederversammlung 2013 - B\u00fcrgeraktion Korber H\u00f6he e. V.","isPartOf":{"@id":"https:\/\/bakh.de\/wdp\/#website"},"primaryImageOfPage":{"@id":"https:\/\/bakh.de\/wdp\/mitgliederversammlung-2013\/#primaryimage"},"image":{"@id":"https:\/\/bakh.de\/wdp\/mitgliederversammlung-2013\/#primaryimage"},"thumbnailUrl":"http:\/\/bakh.de\/wdp\/wp-content\/gallery\/mitgliederversammlung-2013\/k-anneliese_img_1297.jpg","datePublished":"2013-02-04T11:00:57+00:00","dateModified":"2018-03-10T16:00:35+00:00","breadcrumb":{"@id":"https:\/\/bakh.de\/wdp\/mitgliederversammlung-2013\/#breadcrumb"},"inLanguage":"de","potentialAction":[{"@type":"ReadAction","target":["https:\/\/bakh.de\/wdp\/mitgliederversammlung-2013\/"]}]},{"@type":"ImageObject","inLanguage":"de","@id":"https:\/\/bakh.de\/wdp\/mitgliederversammlung-2013\/#primaryimage","url":"http:\/\/bakh.de\/wdp\/wp-content\/gallery\/mitgliederversammlung-2013\/k-anneliese_img_1297.jpg","contentUrl":"http:\/\/bakh.de\/wdp\/wp-content\/gallery\/mitgliederversammlung-2013\/k-anneliese_img_1297.jpg"},{"@type":"BreadcrumbList","@id":"https:\/\/bakh.de\/wdp\/mitgliederversammlung-2013\/#breadcrumb","itemListElement":[{"@type":"ListItem","position":1,"name":"Startseite","item":"https:\/\/bakh.de\/wdp\/"},{"@type":"ListItem","position":2,"name":"Mitgliederversammlung 2013"}]},{"@type":"WebSite","@id":"https:\/\/bakh.de\/wdp\/#website","url":"https:\/\/bakh.de\/wdp\/","name":"B\u00fcrgeraktion Korber H\u00f6he e. V.","description":"","publisher":{"@id":"https:\/\/bakh.de\/wdp\/#organization"},"potentialAction":[{"@type":"SearchAction","target":{"@type":"EntryPoint","urlTemplate":"https:\/\/bakh.de\/wdp\/?s={search_term_string}"},"query-input":{"@type":"PropertyValueSpecification","valueRequired":true,"valueName":"search_term_string"}}],"inLanguage":"de"},{"@type":"Organization","@id":"https:\/\/bakh.de\/wdp\/#organization","name":"B\u00fcrgeraktion Korber H\u00f6he e. V.","url":"https:\/\/bakh.de\/wdp\/","logo":{"@type":"ImageObject","inLanguage":"de","@id":"https:\/\/bakh.de\/wdp\/#\/schema\/logo\/image\/","url":"https:\/\/bakh.de\/wdp\/wp-content\/uploads\/2025\/11\/BAKH_Logo_4c_512.jpg","contentUrl":"https:\/\/bakh.de\/wdp\/wp-content\/uploads\/2025\/11\/BAKH_Logo_4c_512.jpg","width":516,"height":518,"caption":"B\u00fcrgeraktion Korber H\u00f6he e. V."},"image":{"@id":"https:\/\/bakh.de\/wdp\/#\/schema\/logo\/image\/"}},{"@type":"Person","@id":"https:\/\/bakh.de\/wdp\/#\/schema\/person\/75a1e296c1c53d3fbbc0a3c6104f6370","name":"Uli","image":{"@type":"ImageObject","inLanguage":"de","@id":"https:\/\/secure.gravatar.com\/avatar\/3b55f09e3908cc7190694de428627f99ad7fb1fd6ca4aa1f5a2c94110a7a2967?s=96&d=mm&r=g","url":"https:\/\/secure.gravatar.com\/avatar\/3b55f09e3908cc7190694de428627f99ad7fb1fd6ca4aa1f5a2c94110a7a2967?s=96&d=mm&r=g","contentUrl":"https:\/\/secure.gravatar.com\/avatar\/3b55f09e3908cc7190694de428627f99ad7fb1fd6ca4aa1f5a2c94110a7a2967?s=96&d=mm&r=g","caption":"Uli"},"url":"https:\/\/bakh.de\/wdp\/author\/uli\/"}]}},"_links":{"self":[{"href":"https:\/\/bakh.de\/wdp\/wp-json\/wp\/v2\/posts\/1042","targetHints":{"allow":["GET"]}}],"collection":[{"href":"https:\/\/bakh.de\/wdp\/wp-json\/wp\/v2\/posts"}],"about":[{"href":"https:\/\/bakh.de\/wdp\/wp-json\/wp\/v2\/types\/post"}],"author":[{"embeddable":true,"href":"https:\/\/bakh.de\/wdp\/wp-json\/wp\/v2\/users\/3"}],"replies":[{"embeddable":true,"href":"https:\/\/bakh.de\/wdp\/wp-json\/wp\/v2\/comments?post=1042"}],"version-history":[{"count":42,"href":"https:\/\/bakh.de\/wdp\/wp-json\/wp\/v2\/posts\/1042\/revisions"}],"predecessor-version":[{"id":3918,"href":"https:\/\/bakh.de\/wdp\/wp-json\/wp\/v2\/posts\/1042\/revisions\/3918"}],"wp:attachment":[{"href":"https:\/\/bakh.de\/wdp\/wp-json\/wp\/v2\/media?parent=1042"}],"wp:term":[{"taxonomy":"category","embeddable":true,"href":"https:\/\/bakh.de\/wdp\/wp-json\/wp\/v2\/categories?post=1042"},{"taxonomy":"post_tag","embeddable":true,"href":"https:\/\/bakh.de\/wdp\/wp-json\/wp\/v2\/tags?post=1042"}],"curies":[{"name":"wp","href":"https:\/\/api.w.org\/{rel}","templated":true}]}}