{"id":1003,"date":"2013-01-26T14:22:34","date_gmt":"2013-01-26T14:22:34","guid":{"rendered":"http:\/\/bakh.de\/wdp\/?p=1003"},"modified":"2013-02-04T11:14:27","modified_gmt":"2013-02-04T11:14:27","slug":"kinderhaus-an-der-bajastrase-geplant","status":"publish","type":"post","link":"https:\/\/bakh.de\/wdp\/kinderhaus-an-der-bajastrase-geplant\/","title":{"rendered":"Kinderhaus an der Bajastra\u00dfe geplant"},"content":{"rendered":"<p><a href=\"http:\/\/bakh.de\/wdp\/wp-content\/uploads\/2012\/06\/k-IMG_1032.jpg\"><img loading=\"lazy\" decoding=\"async\" class=\"alignleft  wp-image-969\" title=\"k-IMG_1032\" src=\"http:\/\/bakh.de\/wdp\/wp-content\/uploads\/2012\/06\/k-IMG_1032-300x225.jpg\" alt=\"\" width=\"144\" height=\"108\" srcset=\"https:\/\/bakh.de\/wdp\/wp-content\/uploads\/2012\/06\/k-IMG_1032-300x225.jpg 300w, https:\/\/bakh.de\/wdp\/wp-content\/uploads\/2012\/06\/k-IMG_1032.jpg 800w\" sizes=\"auto, (max-width: 144px) 100vw, 144px\" \/><\/a>Wie die Waiblinger Kreiszeitung in ihrer Ausgabe vom Samstag 26. Januar 2013 berichtete, soll bei der Haltestelle Bajastra\u00dfe auf der Korber H\u00f6he II ein Kinderhaus gebaut werden. Bauen m\u00f6chte die &#8222;<a href=\"http:\/\/www.konzept-e.de\/index.php\" target=\"_blank\">Konzept-e f\u00fcr Bildung und Soziales GmbH<\/a>&#8222;, ein privater Tr\u00e4ger mit Hauptsitz in Stuttgart, der 14 betriebsnahe Kinderg\u00e4rten und 16 <a href=\"http:\/\/www.konzept-e.de\/ge\/kinderhaeuser\/baercheninsel\/index.php\" target=\"_blank\">Kinderh\u00e4user<\/a> betreibt.<!--more--><\/p>\n<p>&#8222;Konzept-e&#8220; plant ein zweigeschossiges Kinderhaus, vorgesehen sind 2 Kindergartengruppen mit insgesamt 30 Pl\u00e4tzen sowie 3 Kleinkindergruppen mit insgesamt 30 Pl\u00e4tzen in der Ganztagesbetreuung.<\/p>\n<p>Die Gesamtkosten f\u00fcr den Bau des Kinderhauses sind auf 2,1 Millionen Euro veranschlagt. Die Stadt w\u00fcrde einen Zuschuss von 1,1 Millionen Euro gew\u00e4hren. Diese au\u00dferplanm\u00e4\u00dfige Ausgabe plus j\u00e4hrlicher Betriebskosten von einer halben Million Euro stie\u00df im Gemeinderat auf heftige Kritik, nicht wegen des begr\u00fc\u00dfenswerten Angebots sondern wegen des \u00fcberraschenden Vorgehens der Stadtverwaltung. Der Gemeinderat f\u00fchlte sich \u00fcberrumpelt und verweigerte zun\u00e4chst die Entscheidung.<\/p>\n<p>Wie Andreas K\u00f6lbl in seinem Kommentar in der Waiblinger Kreiszeitung schreibt, sollte ein solches Vorhaben nicht \u00fcbers Knie gebrochen werden. Der Gemeinderat und die \u00d6ffentlichkeit, wie die B\u00fcrgeraktion Korber H\u00f6he e. V., waren nicht informiert worden.<\/p>\n<p>Die B\u00fcrgeraktion Korber H\u00f6he e. V. begr\u00fc\u00dft ein zus\u00e4tzliches Angebot bei der Kinderbetreuung im Stadtteil. Die Kinderg\u00e4rten und das Kinderhaus auf der Korber H\u00f6he sollen nach Aussage der Stadtverwaltung ausgelastet sein. Ein neues Kinderhaus sollte aber f\u00fcr alle Kinder auf der Korber H\u00f6he offen und erschwinglich sein. Laut WKZ, w\u00fcrden sich die Geb\u00fchren am in Waiblingen \u00fcblichen Rahmen orientieren, freilich im oberen Bereich. Ein Kinderhaus, das \u00fcberwiegend von Kinder von au\u00dferhalb genutzt wird, die t\u00e4glich mit dem Auto gebracht werden, macht aber keinen Sinn.<\/p>\n<p>&nbsp;<\/p>\n<p>&nbsp;<\/p>\n","protected":false},"excerpt":{"rendered":"<p>Wie die Waiblinger Kreiszeitung in ihrer Ausgabe vom Samstag 26. Januar 2013 berichtete, soll bei der Haltestelle Bajastra\u00dfe auf der Korber H\u00f6he II ein Kinderhaus gebaut werden. Bauen m\u00f6chte die &#8222;Konzept-e f\u00fcr Bildung und Soziales GmbH&#8222;, ein privater Tr\u00e4ger mit Hauptsitz in Stuttgart, der 14 betriebsnahe Kinderg\u00e4rten und 16 Kinderh\u00e4user betreibt.<\/p>\n","protected":false},"author":3,"featured_media":0,"comment_status":"closed","ping_status":"closed","sticky":false,"template":"","format":"standard","meta":{"ngg_post_thumbnail":0,"footnotes":""},"categories":[12],"tags":[],"class_list":["post-1003","post","type-post","status-publish","format-standard","hentry","category-kindertagesstatte"],"yoast_head":"<!-- This site is optimized with the Yoast SEO plugin v27.5 - https:\/\/yoast.com\/product\/yoast-seo-wordpress\/ -->\n<title>Kinderhaus an der Bajastra\u00dfe geplant - B\u00fcrgeraktion Korber H\u00f6he e. V.<\/title>\n<meta name=\"robots\" content=\"index, follow, max-snippet:-1, max-image-preview:large, max-video-preview:-1\" \/>\n<link rel=\"canonical\" href=\"https:\/\/bakh.de\/wdp\/kinderhaus-an-der-bajastrase-geplant\/\" \/>\n<meta property=\"og:locale\" content=\"de_DE\" \/>\n<meta property=\"og:type\" content=\"article\" \/>\n<meta property=\"og:title\" content=\"Kinderhaus an der Bajastra\u00dfe geplant - B\u00fcrgeraktion Korber H\u00f6he e. V.\" \/>\n<meta property=\"og:description\" content=\"Wie die Waiblinger Kreiszeitung in ihrer Ausgabe vom Samstag 26. Januar 2013 berichtete, soll bei der Haltestelle Bajastra\u00dfe auf der Korber H\u00f6he II ein Kinderhaus gebaut werden. Bauen m\u00f6chte die &#8222;Konzept-e f\u00fcr Bildung und Soziales GmbH&#8222;, ein privater Tr\u00e4ger mit Hauptsitz in Stuttgart, der 14 betriebsnahe Kinderg\u00e4rten und 16 Kinderh\u00e4user betreibt.\" \/>\n<meta property=\"og:url\" content=\"https:\/\/bakh.de\/wdp\/kinderhaus-an-der-bajastrase-geplant\/\" \/>\n<meta property=\"og:site_name\" content=\"B\u00fcrgeraktion Korber H\u00f6he e. V.\" \/>\n<meta property=\"article:published_time\" content=\"2013-01-26T14:22:34+00:00\" \/>\n<meta property=\"article:modified_time\" content=\"2013-02-04T11:14:27+00:00\" \/>\n<meta property=\"og:image\" content=\"http:\/\/bakh.de\/wdp\/wp-content\/uploads\/2012\/06\/k-IMG_1032-300x225.jpg\" \/>\n<meta name=\"author\" content=\"Uli\" \/>\n<meta name=\"twitter:card\" content=\"summary_large_image\" \/>\n<meta name=\"twitter:label1\" content=\"Verfasst von\" \/>\n\t<meta name=\"twitter:data1\" content=\"Uli\" \/>\n\t<meta name=\"twitter:label2\" content=\"Gesch\u00e4tzte Lesezeit\" \/>\n\t<meta name=\"twitter:data2\" content=\"1\u00a0Minute\" \/>\n<script type=\"application\/ld+json\" class=\"yoast-schema-graph\">{\"@context\":\"https:\\\/\\\/schema.org\",\"@graph\":[{\"@type\":\"Article\",\"@id\":\"https:\\\/\\\/bakh.de\\\/wdp\\\/kinderhaus-an-der-bajastrase-geplant\\\/#article\",\"isPartOf\":{\"@id\":\"https:\\\/\\\/bakh.de\\\/wdp\\\/kinderhaus-an-der-bajastrase-geplant\\\/\"},\"author\":{\"name\":\"Uli\",\"@id\":\"https:\\\/\\\/bakh.de\\\/wdp\\\/#\\\/schema\\\/person\\\/75a1e296c1c53d3fbbc0a3c6104f6370\"},\"headline\":\"Kinderhaus an der Bajastra\u00dfe geplant\",\"datePublished\":\"2013-01-26T14:22:34+00:00\",\"dateModified\":\"2013-02-04T11:14:27+00:00\",\"mainEntityOfPage\":{\"@id\":\"https:\\\/\\\/bakh.de\\\/wdp\\\/kinderhaus-an-der-bajastrase-geplant\\\/\"},\"wordCount\":287,\"publisher\":{\"@id\":\"https:\\\/\\\/bakh.de\\\/wdp\\\/#organization\"},\"image\":{\"@id\":\"https:\\\/\\\/bakh.de\\\/wdp\\\/kinderhaus-an-der-bajastrase-geplant\\\/#primaryimage\"},\"thumbnailUrl\":\"http:\\\/\\\/bakh.de\\\/wdp\\\/wp-content\\\/uploads\\\/2012\\\/06\\\/k-IMG_1032-300x225.jpg\",\"articleSection\":[\"Kindertagesst\u00e4tte\"],\"inLanguage\":\"de\"},{\"@type\":\"WebPage\",\"@id\":\"https:\\\/\\\/bakh.de\\\/wdp\\\/kinderhaus-an-der-bajastrase-geplant\\\/\",\"url\":\"https:\\\/\\\/bakh.de\\\/wdp\\\/kinderhaus-an-der-bajastrase-geplant\\\/\",\"name\":\"Kinderhaus an der Bajastra\u00dfe geplant - B\u00fcrgeraktion Korber H\u00f6he e. V.\",\"isPartOf\":{\"@id\":\"https:\\\/\\\/bakh.de\\\/wdp\\\/#website\"},\"primaryImageOfPage\":{\"@id\":\"https:\\\/\\\/bakh.de\\\/wdp\\\/kinderhaus-an-der-bajastrase-geplant\\\/#primaryimage\"},\"image\":{\"@id\":\"https:\\\/\\\/bakh.de\\\/wdp\\\/kinderhaus-an-der-bajastrase-geplant\\\/#primaryimage\"},\"thumbnailUrl\":\"http:\\\/\\\/bakh.de\\\/wdp\\\/wp-content\\\/uploads\\\/2012\\\/06\\\/k-IMG_1032-300x225.jpg\",\"datePublished\":\"2013-01-26T14:22:34+00:00\",\"dateModified\":\"2013-02-04T11:14:27+00:00\",\"breadcrumb\":{\"@id\":\"https:\\\/\\\/bakh.de\\\/wdp\\\/kinderhaus-an-der-bajastrase-geplant\\\/#breadcrumb\"},\"inLanguage\":\"de\",\"potentialAction\":[{\"@type\":\"ReadAction\",\"target\":[\"https:\\\/\\\/bakh.de\\\/wdp\\\/kinderhaus-an-der-bajastrase-geplant\\\/\"]}]},{\"@type\":\"ImageObject\",\"inLanguage\":\"de\",\"@id\":\"https:\\\/\\\/bakh.de\\\/wdp\\\/kinderhaus-an-der-bajastrase-geplant\\\/#primaryimage\",\"url\":\"https:\\\/\\\/bakh.de\\\/wdp\\\/wp-content\\\/uploads\\\/2012\\\/06\\\/k-IMG_1032.jpg\",\"contentUrl\":\"https:\\\/\\\/bakh.de\\\/wdp\\\/wp-content\\\/uploads\\\/2012\\\/06\\\/k-IMG_1032.jpg\",\"width\":\"800\",\"height\":\"600\"},{\"@type\":\"BreadcrumbList\",\"@id\":\"https:\\\/\\\/bakh.de\\\/wdp\\\/kinderhaus-an-der-bajastrase-geplant\\\/#breadcrumb\",\"itemListElement\":[{\"@type\":\"ListItem\",\"position\":1,\"name\":\"Startseite\",\"item\":\"https:\\\/\\\/bakh.de\\\/wdp\\\/\"},{\"@type\":\"ListItem\",\"position\":2,\"name\":\"Kinderhaus an der Bajastra\u00dfe geplant\"}]},{\"@type\":\"WebSite\",\"@id\":\"https:\\\/\\\/bakh.de\\\/wdp\\\/#website\",\"url\":\"https:\\\/\\\/bakh.de\\\/wdp\\\/\",\"name\":\"B\u00fcrgeraktion Korber H\u00f6he e. V.\",\"description\":\"\",\"publisher\":{\"@id\":\"https:\\\/\\\/bakh.de\\\/wdp\\\/#organization\"},\"potentialAction\":[{\"@type\":\"SearchAction\",\"target\":{\"@type\":\"EntryPoint\",\"urlTemplate\":\"https:\\\/\\\/bakh.de\\\/wdp\\\/?s={search_term_string}\"},\"query-input\":{\"@type\":\"PropertyValueSpecification\",\"valueRequired\":true,\"valueName\":\"search_term_string\"}}],\"inLanguage\":\"de\"},{\"@type\":\"Organization\",\"@id\":\"https:\\\/\\\/bakh.de\\\/wdp\\\/#organization\",\"name\":\"B\u00fcrgeraktion Korber H\u00f6he e. V.\",\"url\":\"https:\\\/\\\/bakh.de\\\/wdp\\\/\",\"logo\":{\"@type\":\"ImageObject\",\"inLanguage\":\"de\",\"@id\":\"https:\\\/\\\/bakh.de\\\/wdp\\\/#\\\/schema\\\/logo\\\/image\\\/\",\"url\":\"https:\\\/\\\/bakh.de\\\/wdp\\\/wp-content\\\/uploads\\\/2025\\\/11\\\/BAKH_Logo_4c_512.jpg\",\"contentUrl\":\"https:\\\/\\\/bakh.de\\\/wdp\\\/wp-content\\\/uploads\\\/2025\\\/11\\\/BAKH_Logo_4c_512.jpg\",\"width\":516,\"height\":518,\"caption\":\"B\u00fcrgeraktion Korber H\u00f6he e. V.\"},\"image\":{\"@id\":\"https:\\\/\\\/bakh.de\\\/wdp\\\/#\\\/schema\\\/logo\\\/image\\\/\"}},{\"@type\":\"Person\",\"@id\":\"https:\\\/\\\/bakh.de\\\/wdp\\\/#\\\/schema\\\/person\\\/75a1e296c1c53d3fbbc0a3c6104f6370\",\"name\":\"Uli\",\"image\":{\"@type\":\"ImageObject\",\"inLanguage\":\"de\",\"@id\":\"https:\\\/\\\/secure.gravatar.com\\\/avatar\\\/3b55f09e3908cc7190694de428627f99ad7fb1fd6ca4aa1f5a2c94110a7a2967?s=96&d=mm&r=g\",\"url\":\"https:\\\/\\\/secure.gravatar.com\\\/avatar\\\/3b55f09e3908cc7190694de428627f99ad7fb1fd6ca4aa1f5a2c94110a7a2967?s=96&d=mm&r=g\",\"contentUrl\":\"https:\\\/\\\/secure.gravatar.com\\\/avatar\\\/3b55f09e3908cc7190694de428627f99ad7fb1fd6ca4aa1f5a2c94110a7a2967?s=96&d=mm&r=g\",\"caption\":\"Uli\"},\"url\":\"https:\\\/\\\/bakh.de\\\/wdp\\\/author\\\/uli\\\/\"}]}<\/script>\n<!-- \/ Yoast SEO plugin. -->","yoast_head_json":{"title":"Kinderhaus an der Bajastra\u00dfe geplant - B\u00fcrgeraktion Korber H\u00f6he e. V.","robots":{"index":"index","follow":"follow","max-snippet":"max-snippet:-1","max-image-preview":"max-image-preview:large","max-video-preview":"max-video-preview:-1"},"canonical":"https:\/\/bakh.de\/wdp\/kinderhaus-an-der-bajastrase-geplant\/","og_locale":"de_DE","og_type":"article","og_title":"Kinderhaus an der Bajastra\u00dfe geplant - B\u00fcrgeraktion Korber H\u00f6he e. V.","og_description":"Wie die Waiblinger Kreiszeitung in ihrer Ausgabe vom Samstag 26. Januar 2013 berichtete, soll bei der Haltestelle Bajastra\u00dfe auf der Korber H\u00f6he II ein Kinderhaus gebaut werden. Bauen m\u00f6chte die &#8222;Konzept-e f\u00fcr Bildung und Soziales GmbH&#8222;, ein privater Tr\u00e4ger mit Hauptsitz in Stuttgart, der 14 betriebsnahe Kinderg\u00e4rten und 16 Kinderh\u00e4user betreibt.","og_url":"https:\/\/bakh.de\/wdp\/kinderhaus-an-der-bajastrase-geplant\/","og_site_name":"B\u00fcrgeraktion Korber H\u00f6he e. V.","article_published_time":"2013-01-26T14:22:34+00:00","article_modified_time":"2013-02-04T11:14:27+00:00","og_image":[{"url":"http:\/\/bakh.de\/wdp\/wp-content\/uploads\/2012\/06\/k-IMG_1032-300x225.jpg","type":"","width":"","height":""}],"author":"Uli","twitter_card":"summary_large_image","twitter_misc":{"Verfasst von":"Uli","Gesch\u00e4tzte Lesezeit":"1\u00a0Minute"},"schema":{"@context":"https:\/\/schema.org","@graph":[{"@type":"Article","@id":"https:\/\/bakh.de\/wdp\/kinderhaus-an-der-bajastrase-geplant\/#article","isPartOf":{"@id":"https:\/\/bakh.de\/wdp\/kinderhaus-an-der-bajastrase-geplant\/"},"author":{"name":"Uli","@id":"https:\/\/bakh.de\/wdp\/#\/schema\/person\/75a1e296c1c53d3fbbc0a3c6104f6370"},"headline":"Kinderhaus an der Bajastra\u00dfe geplant","datePublished":"2013-01-26T14:22:34+00:00","dateModified":"2013-02-04T11:14:27+00:00","mainEntityOfPage":{"@id":"https:\/\/bakh.de\/wdp\/kinderhaus-an-der-bajastrase-geplant\/"},"wordCount":287,"publisher":{"@id":"https:\/\/bakh.de\/wdp\/#organization"},"image":{"@id":"https:\/\/bakh.de\/wdp\/kinderhaus-an-der-bajastrase-geplant\/#primaryimage"},"thumbnailUrl":"http:\/\/bakh.de\/wdp\/wp-content\/uploads\/2012\/06\/k-IMG_1032-300x225.jpg","articleSection":["Kindertagesst\u00e4tte"],"inLanguage":"de"},{"@type":"WebPage","@id":"https:\/\/bakh.de\/wdp\/kinderhaus-an-der-bajastrase-geplant\/","url":"https:\/\/bakh.de\/wdp\/kinderhaus-an-der-bajastrase-geplant\/","name":"Kinderhaus an der Bajastra\u00dfe geplant - B\u00fcrgeraktion Korber H\u00f6he e. V.","isPartOf":{"@id":"https:\/\/bakh.de\/wdp\/#website"},"primaryImageOfPage":{"@id":"https:\/\/bakh.de\/wdp\/kinderhaus-an-der-bajastrase-geplant\/#primaryimage"},"image":{"@id":"https:\/\/bakh.de\/wdp\/kinderhaus-an-der-bajastrase-geplant\/#primaryimage"},"thumbnailUrl":"http:\/\/bakh.de\/wdp\/wp-content\/uploads\/2012\/06\/k-IMG_1032-300x225.jpg","datePublished":"2013-01-26T14:22:34+00:00","dateModified":"2013-02-04T11:14:27+00:00","breadcrumb":{"@id":"https:\/\/bakh.de\/wdp\/kinderhaus-an-der-bajastrase-geplant\/#breadcrumb"},"inLanguage":"de","potentialAction":[{"@type":"ReadAction","target":["https:\/\/bakh.de\/wdp\/kinderhaus-an-der-bajastrase-geplant\/"]}]},{"@type":"ImageObject","inLanguage":"de","@id":"https:\/\/bakh.de\/wdp\/kinderhaus-an-der-bajastrase-geplant\/#primaryimage","url":"https:\/\/bakh.de\/wdp\/wp-content\/uploads\/2012\/06\/k-IMG_1032.jpg","contentUrl":"https:\/\/bakh.de\/wdp\/wp-content\/uploads\/2012\/06\/k-IMG_1032.jpg","width":"800","height":"600"},{"@type":"BreadcrumbList","@id":"https:\/\/bakh.de\/wdp\/kinderhaus-an-der-bajastrase-geplant\/#breadcrumb","itemListElement":[{"@type":"ListItem","position":1,"name":"Startseite","item":"https:\/\/bakh.de\/wdp\/"},{"@type":"ListItem","position":2,"name":"Kinderhaus an der Bajastra\u00dfe geplant"}]},{"@type":"WebSite","@id":"https:\/\/bakh.de\/wdp\/#website","url":"https:\/\/bakh.de\/wdp\/","name":"B\u00fcrgeraktion Korber H\u00f6he e. V.","description":"","publisher":{"@id":"https:\/\/bakh.de\/wdp\/#organization"},"potentialAction":[{"@type":"SearchAction","target":{"@type":"EntryPoint","urlTemplate":"https:\/\/bakh.de\/wdp\/?s={search_term_string}"},"query-input":{"@type":"PropertyValueSpecification","valueRequired":true,"valueName":"search_term_string"}}],"inLanguage":"de"},{"@type":"Organization","@id":"https:\/\/bakh.de\/wdp\/#organization","name":"B\u00fcrgeraktion Korber H\u00f6he e. V.","url":"https:\/\/bakh.de\/wdp\/","logo":{"@type":"ImageObject","inLanguage":"de","@id":"https:\/\/bakh.de\/wdp\/#\/schema\/logo\/image\/","url":"https:\/\/bakh.de\/wdp\/wp-content\/uploads\/2025\/11\/BAKH_Logo_4c_512.jpg","contentUrl":"https:\/\/bakh.de\/wdp\/wp-content\/uploads\/2025\/11\/BAKH_Logo_4c_512.jpg","width":516,"height":518,"caption":"B\u00fcrgeraktion Korber H\u00f6he e. V."},"image":{"@id":"https:\/\/bakh.de\/wdp\/#\/schema\/logo\/image\/"}},{"@type":"Person","@id":"https:\/\/bakh.de\/wdp\/#\/schema\/person\/75a1e296c1c53d3fbbc0a3c6104f6370","name":"Uli","image":{"@type":"ImageObject","inLanguage":"de","@id":"https:\/\/secure.gravatar.com\/avatar\/3b55f09e3908cc7190694de428627f99ad7fb1fd6ca4aa1f5a2c94110a7a2967?s=96&d=mm&r=g","url":"https:\/\/secure.gravatar.com\/avatar\/3b55f09e3908cc7190694de428627f99ad7fb1fd6ca4aa1f5a2c94110a7a2967?s=96&d=mm&r=g","contentUrl":"https:\/\/secure.gravatar.com\/avatar\/3b55f09e3908cc7190694de428627f99ad7fb1fd6ca4aa1f5a2c94110a7a2967?s=96&d=mm&r=g","caption":"Uli"},"url":"https:\/\/bakh.de\/wdp\/author\/uli\/"}]}},"_links":{"self":[{"href":"https:\/\/bakh.de\/wdp\/wp-json\/wp\/v2\/posts\/1003","targetHints":{"allow":["GET"]}}],"collection":[{"href":"https:\/\/bakh.de\/wdp\/wp-json\/wp\/v2\/posts"}],"about":[{"href":"https:\/\/bakh.de\/wdp\/wp-json\/wp\/v2\/types\/post"}],"author":[{"embeddable":true,"href":"https:\/\/bakh.de\/wdp\/wp-json\/wp\/v2\/users\/3"}],"replies":[{"embeddable":true,"href":"https:\/\/bakh.de\/wdp\/wp-json\/wp\/v2\/comments?post=1003"}],"version-history":[{"count":7,"href":"https:\/\/bakh.de\/wdp\/wp-json\/wp\/v2\/posts\/1003\/revisions"}],"predecessor-version":[{"id":1103,"href":"https:\/\/bakh.de\/wdp\/wp-json\/wp\/v2\/posts\/1003\/revisions\/1103"}],"wp:attachment":[{"href":"https:\/\/bakh.de\/wdp\/wp-json\/wp\/v2\/media?parent=1003"}],"wp:term":[{"taxonomy":"category","embeddable":true,"href":"https:\/\/bakh.de\/wdp\/wp-json\/wp\/v2\/categories?post=1003"},{"taxonomy":"post_tag","embeddable":true,"href":"https:\/\/bakh.de\/wdp\/wp-json\/wp\/v2\/tags?post=1003"}],"curies":[{"name":"wp","href":"https:\/\/api.w.org\/{rel}","templated":true}]}}